{"id":362,"date":"2013-04-01T00:00:00","date_gmt":"2013-04-01T00:00:00","guid":{"rendered":""},"modified":"2025-07-30T17:35:18","modified_gmt":"2025-07-30T21:35:18","slug":"victima-1-1315","status":"publish","type":"post","link":"https:\/\/interactivos.museodelamemoria.cl\/victims\/?p=362","title":{"rendered":"VILLARROEL CARMONA AGUSTIN DE LA CRUZ"},"content":{"rendered":"\n<hr class=\"wp-block-separator has-text-color has-white-color has-alpha-channel-opacity has-white-background-color has-background is-style-default\"\/>\n\n\n<p><strong>Instancia Calificadora:<\/strong> CNRR violaci\u00f3n de DDHH<\/p><p><strong>Militancia:<\/strong> PC<\/p><p><strong>Regi\u00f3n:<\/strong> II Antofagasta<\/p><p><strong>Ciudad:<\/strong> TOCOPILLA<\/p><p><strong>Comuna:<\/strong> <\/p><p><strong>Fecha Detenci\u00f3n\/Muerte:<\/strong> 04-10-1973<\/p><p><strong>Ocupaci\u00f3n:<\/strong> MINERO<\/p><p><strong>Edad:<\/strong> 34<\/p>\n\n\n\n<hr class=\"wp-block-separator has-text-color has-white-color has-alpha-channel-opacity has-white-background-color has-background is-style-default\"\/>\n\n\n\n<p>Agust\u00edn de la Cruz Villarroel Carmona falleci\u00f3 ese d\u00eda con evidentes signos de haber sido dinamitado. Hab\u00eda sido detenido por Carabineros de Tocopilla en la segunda quincena del mes de septiembre de 1973. Permaneci\u00f3 en calidad de detenido desaparecido hasta 1991, cuando sus restos fueron encontrados, identificados y entregados a la familia.<\/p>\n\n\n\n<p>De acuerdo con los antecedentes del proceso judicial iniciado ante el Juzgado de Letras de Tocopilla por el hallazgo de osamentas en el interior de la mina \u00abLa Veleidosa\u00bb, Agust\u00edn Villarroel, Secretario de Finanzas del Comit\u00e9 local del Partido Comunista de Tocopilla, fue detenido despu\u00e9s de presentarse voluntariamente ante Carabineros, y conducido a la mina se\u00f1alada junto con otras cinco personas que se encontraban privadas de libertad en la C\u00e1rcel de Tocopilla.<\/p>\n\n\n\n<p>El 6 de octubre de 1973, en la prensa local se public\u00f3 un comunicado por el que se daba cuenta de un intento de fuga de los cinco detenidos en momentos que se cumpl\u00eda una supuesta diligencia judicial en \u00abLa Veleidosa\u00bb, ubicada a 15 kil\u00f3metros al norte de Tocopilla. La informaci\u00f3n agregaba que en el mismo lugar hab\u00edan sido dados de baja dos de los detenidos, cuyos cuerpos hab\u00edan sido entregados a sus respectivos familiares, mientras tres hab\u00edan logrado escapar. La informaci\u00f3n no aportaba ning\u00fan antecedente acerca de la suerte de Agust\u00edn Villarroel.<\/p>\n\n\n\n<p>Por resoluci\u00f3n dictada en el se\u00f1alado proceso, en 1990 se explor\u00f3 en la mina antes se\u00f1alada, logr\u00e1ndose encontrar e identificar los restos de los tres supuestos fugados: Claudio R\u00f3mulo Tognola R\u00edos, Luis Orozimbo Segovia Villalobos y Carlos Miguel Garay Benavides, quienes fueron declarados v\u00edctimas de violaci\u00f3n a los derechos humanos por la Comisi\u00f3n Nacional de Verdad y Reconciliaci\u00f3n.<\/p>\n\n\n\n<p>Junto a los restos de estas personas se encontraron los de Agust\u00edn Villarroel.<\/p>\n\n\n\n<p>Considerando los antecedentes reunidos y la investigaci\u00f3n realizada por esta Corporaci\u00f3n, el Consejo Superior lleg\u00f3 a la convicci\u00f3n de que Agust\u00edn de la Cruz Villarroel Carmona fue ejecutado por agentes del Estado, al margen de proceso legal y mientras se encontraba detenido, situaci\u00f3n que constituye una violaci\u00f3n de derechos humanos.<\/p>\n\n\n\n<hr class=\"wp-block-separator has-alpha-channel-opacity is-style-wide\"\/>\n\n\n\n<blockquote class=\"wp-block-quote is-layout-flow wp-block-quote-is-layout-flow\">\n<p class=\"has-medium-gray-color has-text-color has-link-color has-small-font-size wp-elements-a92ec575e5fa1efcbfd6d8a36616fffb\">Para revisar informaci\u00f3n judicial sobre esta persona acceda al repositorio del Proyecto Expedientes de la Represi\u00f3n, que recopila las sentencias judiciales dictadas en los procesos penales ya concluidos por violaciones de derechos humanos cometidas durante la dictadura.<\/p>\n<\/blockquote>\n\n\n\n<figure class=\"wp-block-image size-full\"><a href=\"https:\/\/expedientesdelarepresion.cl\/causa\/episodio-tocopilla-claudio-romulo-tognola-rios-y-otros\/\"><img loading=\"lazy\" decoding=\"async\" width=\"126\" height=\"121\" src=\"https:\/\/interactivos.museodelamemoria.cl\/victims\/wp-content\/uploads\/2013\/04\/image.png\" alt=\"\" class=\"wp-image-8174\"\/><\/a><\/figure>\n\n\n\n<p><\/p>\n","protected":false},"excerpt":{"rendered":"<p>\tAgust\u00edn de la Cruz Villarroel Carmona,  34 a\u00f1os, minero. Muerto en el 4 de octubre de 1973 en Tocopilla.\t &hellip; <a href=\"https:\/\/interactivos.museodelamemoria.cl\/victims\/?p=362\" class=\"more-link\"><span class=\"readmore\">Averigua m\u00e1s acerca de esta v\u00edctima&#8230;<span class=\"screen-reader-text\">VILLARROEL CARMONA AGUSTIN DE LA CRUZ<\/span><\/span><\/a><\/p>\n","protected":false},"author":1,"featured_media":0,"comment_status":"open","ping_status":"open","sticky":false,"template":"","format":"standard","meta":{"footnotes":""},"categories":[5],"tags":[],"class_list":["post-362","post","type-post","status-publish","format-standard","hentry","category-ejecutado-politico"],"_links":{"self":[{"href":"https:\/\/interactivos.museodelamemoria.cl\/victims\/index.php?rest_route=\/wp\/v2\/posts\/362"}],"collection":[{"href":"https:\/\/interactivos.museodelamemoria.cl\/victims\/index.php?rest_route=\/wp\/v2\/posts"}],"about":[{"href":"https:\/\/interactivos.museodelamemoria.cl\/victims\/index.php?rest_route=\/wp\/v2\/types\/post"}],"author":[{"embeddable":true,"href":"https:\/\/interactivos.museodelamemoria.cl\/victims\/index.php?rest_route=\/wp\/v2\/users\/1"}],"replies":[{"embeddable":true,"href":"https:\/\/interactivos.museodelamemoria.cl\/victims\/index.php?rest_route=%2Fwp%2Fv2%2Fcomments&post=362"}],"version-history":[{"count":1,"href":"https:\/\/interactivos.museodelamemoria.cl\/victims\/index.php?rest_route=\/wp\/v2\/posts\/362\/revisions"}],"predecessor-version":[{"id":8589,"href":"https:\/\/interactivos.museodelamemoria.cl\/victims\/index.php?rest_route=\/wp\/v2\/posts\/362\/revisions\/8589"}],"wp:attachment":[{"href":"https:\/\/interactivos.museodelamemoria.cl\/victims\/index.php?rest_route=%2Fwp%2Fv2%2Fmedia&parent=362"}],"wp:term":[{"taxonomy":"category","embeddable":true,"href":"https:\/\/interactivos.museodelamemoria.cl\/victims\/index.php?rest_route=%2Fwp%2Fv2%2Fcategories&post=362"},{"taxonomy":"post_tag","embeddable":true,"href":"https:\/\/interactivos.museodelamemoria.cl\/victims\/index.php?rest_route=%2Fwp%2Fv2%2Ftags&post=362"}],"curies":[{"name":"wp","href":"https:\/\/api.w.org\/{rel}","templated":true}]}}