{"id":387,"date":"2013-04-01T00:00:00","date_gmt":"2013-04-01T00:00:00","guid":{"rendered":""},"modified":"2013-04-01T00:00:00","modified_gmt":"2013-04-01T00:00:00","slug":"victima-1","status":"publish","type":"post","link":"https:\/\/interactivos.museodelamemoria.cl\/victims\/?p=387","title":{"rendered":"JARA CORDOVA JULIO ANTONIO"},"content":{"rendered":"<hr class=\"wp-block-separator has-text-color has-white-color has-alpha-channel-opacity has-white-background-color has-background is-style-default\"\/><p><strong>Instancia Calificadora:<\/strong> CNRR violaci\u00f3n de DDHH<\/p><p><strong>Militancia:<\/strong> Sin Militancia<\/p><p><strong>Regi\u00f3n:<\/strong> V Valpara\u00edso<\/p><p><strong>Ciudad:<\/strong> VI\u00d1A DEL MAR<\/p><p><strong>Comuna:<\/strong> <\/p><p><strong>Fecha Detenci\u00f3n\/Muerte:<\/strong> 28-06-1987<\/p><p><strong>Ocupaci\u00f3n:<\/strong> AYUDANTE CARPINTERO<\/p><p><strong>Edad:<\/strong> 28<\/p>\n<hr class=\"wp-block-separator has-text-color has-white-color has-alpha-channel-opacity has-white-background-color has-background is-style-default\"\/>\tJulio Antonio Jara C\u00f3rdova muri\u00f3 ese d\u00eda a la 1:00 horas en Vi\u00f1a del Mar, por un traumatismo abdominal, seg\u00fan consigna el Certificado de Defunci\u00f3n.  \r\n\r\nDe acuerdo con antecedentes del proceso judicial instruido, el 27 de junio de 1987 alrededor de las 22:00 horas, Jara C\u00f3rdova fue detenido junto con un amigo, por una patrulla de Carabineros, por estar bebiendo en la v\u00eda p\u00fablica. Durante el procedimiento de detenci\u00f3n, Julio Jara, que se encontraba en estado de ebriedad, agredi\u00f3 con un puntapi\u00e9 a uno de sus aprehensores quienes lo trasladaron a la Quinta Comisar\u00eda de Vi\u00f1a del Mar.\r\n\r\nEn ese recinto fue golpeado en el abdomen en tres oportunidades por el polic\u00eda agredido y, posteriormente, conducido al calabozo. A las 23:30 horas, mientras se realizaba la vigilancia de los detenidos, se constat\u00f3 su muerte. \r\n\r\nEl Protocolo de Autopsia se\u00f1al\u00f3 que la causa de muerte fue traumatismo abdominal con rotura hep\u00e1tica por acci\u00f3n de terceros y que \u00e9sta pudo evitarse con atenci\u00f3n oportuna y eficaz.\r\n\r\nEl funcionario agresor fue condenado a la pena de cinco a\u00f1os y un d\u00eda de presidio menor en su grado m\u00ednimo como autor del delito de violencias innecesarias con resultado de muerte.\r\n\r\nConsiderando los antecedentes reunidos por esta Corporaci\u00f3n, el Consejo Superior estim\u00f3 que la muerte de Julio Antonio Jara C\u00f3rdova fue producto de los golpes y malos tratos a que fue sometido por agentes del Estado durante su detenci\u00f3n. Por tal raz\u00f3n, lo declar\u00f3 v\u00edctima de violaci\u00f3n de derechos humanos.\t","protected":false},"excerpt":{"rendered":"<p>\tJulio Antonio Jara C\u00f3rdova, 28 a\u00f1os, ayudante de carpinter\u00eda. Muerto el 28 de junio de 1987 en Vi\u00f1a del Mar.\t &hellip; <a href=\"https:\/\/interactivos.museodelamemoria.cl\/victims\/?p=387\" class=\"more-link\"><span class=\"readmore\">Averigua m\u00e1s acerca de esta v\u00edctima&#8230;<span class=\"screen-reader-text\">JARA CORDOVA JULIO ANTONIO<\/span><\/span><\/a><\/p>\n","protected":false},"author":1,"featured_media":0,"comment_status":"open","ping_status":"open","sticky":false,"template":"","format":"standard","meta":{"footnotes":""},"categories":[5],"tags":[],"class_list":["post-387","post","type-post","status-publish","format-standard","hentry","category-ejecutado-politico"],"_links":{"self":[{"href":"https:\/\/interactivos.museodelamemoria.cl\/victims\/index.php?rest_route=\/wp\/v2\/posts\/387"}],"collection":[{"href":"https:\/\/interactivos.museodelamemoria.cl\/victims\/index.php?rest_route=\/wp\/v2\/posts"}],"about":[{"href":"https:\/\/interactivos.museodelamemoria.cl\/victims\/index.php?rest_route=\/wp\/v2\/types\/post"}],"author":[{"embeddable":true,"href":"https:\/\/interactivos.museodelamemoria.cl\/victims\/index.php?rest_route=\/wp\/v2\/users\/1"}],"replies":[{"embeddable":true,"href":"https:\/\/interactivos.museodelamemoria.cl\/victims\/index.php?rest_route=%2Fwp%2Fv2%2Fcomments&post=387"}],"version-history":[{"count":0,"href":"https:\/\/interactivos.museodelamemoria.cl\/victims\/index.php?rest_route=\/wp\/v2\/posts\/387\/revisions"}],"wp:attachment":[{"href":"https:\/\/interactivos.museodelamemoria.cl\/victims\/index.php?rest_route=%2Fwp%2Fv2%2Fmedia&parent=387"}],"wp:term":[{"taxonomy":"category","embeddable":true,"href":"https:\/\/interactivos.museodelamemoria.cl\/victims\/index.php?rest_route=%2Fwp%2Fv2%2Fcategories&post=387"},{"taxonomy":"post_tag","embeddable":true,"href":"https:\/\/interactivos.museodelamemoria.cl\/victims\/index.php?rest_route=%2Fwp%2Fv2%2Ftags&post=387"}],"curies":[{"name":"wp","href":"https:\/\/api.w.org\/{rel}","templated":true}]}}