{"id":412,"date":"2013-04-01T00:00:00","date_gmt":"2013-04-01T00:00:00","guid":{"rendered":""},"modified":"2013-04-01T00:00:00","modified_gmt":"2013-04-01T00:00:00","slug":"victima-1","status":"publish","type":"post","link":"https:\/\/interactivos.museodelamemoria.cl\/victims\/?p=412","title":{"rendered":"LEFIAN RODRIGUEZ HERNAN ABELARDO"},"content":{"rendered":"<hr class=\"wp-block-separator has-text-color has-white-color has-alpha-channel-opacity has-white-background-color has-background is-style-default\"\/><p><strong>Instancia Calificadora:<\/strong> CNRR violaci\u00f3n de DDHH<\/p><p><strong>Militancia:<\/strong> Sin Militancia<\/p><p><strong>Regi\u00f3n:<\/strong> RM Metropolitana<\/p><p><strong>Ciudad:<\/strong> SANTIAGO<\/p><p><strong>Comuna:<\/strong> SAN BERNARDO<\/p><p><strong>Fecha Detenci\u00f3n\/Muerte:<\/strong> 12-11-1988<\/p><p><strong>Ocupaci\u00f3n:<\/strong> OBRERO<\/p><p><strong>Edad:<\/strong> 25<\/p>\n<hr class=\"wp-block-separator has-text-color has-white-color has-alpha-channel-opacity has-white-background-color has-background is-style-default\"\/>\tHern\u00e1n Abelardo Lefi\u00e1n Rodr\u00edguez muri\u00f3 ese d\u00eda a las 6:55 horas en el Hospital de San Bernardo, por traumatismo perineal, p\u00e9lvico y raquimedular lumbar por bala; osteomielitis y lepto meningitis secundaria, seg\u00fan acredita el Certificado M\u00e9dico de Defunci\u00f3n del Instituto M\u00e9dico Legal. \r\n\r\nDe acuerdo con antecedentes obtenidos del proceso judicial, el 21 de octubre de 1988, alrededor de las 4:00 horas, efectivos de Carabineros realizaron un procedimiento policial en el sector de la Villa Angelm\u00f3 en San Bernardo, comuna al sur de Santiago, con el objeto de detener a los presuntos autores de un robo. Durante la persecuci\u00f3n de uno de los sospechosos, un funcionario efectu\u00f3 varios disparos, impactando a Hern\u00e1n Lefi\u00e1n, que se encontraba en cama en su domicilio. Esta lesi\u00f3n le caus\u00f3 posteriormente la muerte.\r\n\r\nLos hechos fueron investigados judicialmente por la Cuarta Fiscal\u00eda Militar de Santiago y el proceso se encuentra actualmente sobreseido. \r\n\r\nEn la investigaci\u00f3n administrativa realizada por Carabineros, se  sancion\u00f3 con ocho d\u00edas de arresto al autor de los disparos, por haber hecho uso de su arma de fuego sin tomar en cuenta la potencia de \u00e9sta y sin prevenir las consecuencias que pudieran traer los disparos, ya que no adopt\u00f3 una posici\u00f3n adecuada de tiro que asegurara que fueran efectivamente dirigidos al aire. \r\n\r\nConsiderando los antecedentes reunidos y la investigaci\u00f3n realizada por esta Corporaci\u00f3n, el Consejo Superior declar\u00f3 a Hern\u00e1n Abelardo Lefi\u00e1n Rodr\u00edguez v\u00edctima de violaci\u00f3n de derechos humanos por agentes del Estado que hicieron uso imprudente de la fuerza.\t","protected":false},"excerpt":{"rendered":"<p>\tHern\u00e1n Abelardo Lefi\u00e1n Rodr\u00edguez, 25 a\u00f1os, obrero. Muerto el 12 de noviembre de 1988 en Santiago.\t &hellip; <a href=\"https:\/\/interactivos.museodelamemoria.cl\/victims\/?p=412\" class=\"more-link\"><span class=\"readmore\">Averigua m\u00e1s acerca de esta v\u00edctima&#8230;<span class=\"screen-reader-text\">LEFIAN RODRIGUEZ HERNAN ABELARDO<\/span><\/span><\/a><\/p>\n","protected":false},"author":1,"featured_media":0,"comment_status":"open","ping_status":"open","sticky":false,"template":"","format":"standard","meta":{"footnotes":""},"categories":[5],"tags":[],"class_list":["post-412","post","type-post","status-publish","format-standard","hentry","category-ejecutado-politico"],"_links":{"self":[{"href":"https:\/\/interactivos.museodelamemoria.cl\/victims\/index.php?rest_route=\/wp\/v2\/posts\/412"}],"collection":[{"href":"https:\/\/interactivos.museodelamemoria.cl\/victims\/index.php?rest_route=\/wp\/v2\/posts"}],"about":[{"href":"https:\/\/interactivos.museodelamemoria.cl\/victims\/index.php?rest_route=\/wp\/v2\/types\/post"}],"author":[{"embeddable":true,"href":"https:\/\/interactivos.museodelamemoria.cl\/victims\/index.php?rest_route=\/wp\/v2\/users\/1"}],"replies":[{"embeddable":true,"href":"https:\/\/interactivos.museodelamemoria.cl\/victims\/index.php?rest_route=%2Fwp%2Fv2%2Fcomments&post=412"}],"version-history":[{"count":0,"href":"https:\/\/interactivos.museodelamemoria.cl\/victims\/index.php?rest_route=\/wp\/v2\/posts\/412\/revisions"}],"wp:attachment":[{"href":"https:\/\/interactivos.museodelamemoria.cl\/victims\/index.php?rest_route=%2Fwp%2Fv2%2Fmedia&parent=412"}],"wp:term":[{"taxonomy":"category","embeddable":true,"href":"https:\/\/interactivos.museodelamemoria.cl\/victims\/index.php?rest_route=%2Fwp%2Fv2%2Fcategories&post=412"},{"taxonomy":"post_tag","embeddable":true,"href":"https:\/\/interactivos.museodelamemoria.cl\/victims\/index.php?rest_route=%2Fwp%2Fv2%2Ftags&post=412"}],"curies":[{"name":"wp","href":"https:\/\/api.w.org\/{rel}","templated":true}]}}