{"id":434,"date":"2013-04-01T00:00:00","date_gmt":"2013-04-01T00:00:00","guid":{"rendered":""},"modified":"2013-04-01T00:00:00","modified_gmt":"2013-04-01T00:00:00","slug":"victima-1","status":"publish","type":"post","link":"https:\/\/interactivos.museodelamemoria.cl\/victims\/?p=434","title":{"rendered":"MALDONADO SEPULVEDA JORGE EUGENIO"},"content":{"rendered":"<hr class=\"wp-block-separator has-text-color has-white-color has-alpha-channel-opacity has-white-background-color has-background is-style-default\"\/><p><strong>Instancia Calificadora:<\/strong> CNRR violencia pol\u00edtica<\/p><p><strong>Militancia:<\/strong> Sin Militancia<\/p><p><strong>Regi\u00f3n:<\/strong> X Los Lagos<\/p><p><strong>Ciudad:<\/strong> VALDIVIA<\/p><p><strong>Comuna:<\/strong> <\/p><p><strong>Fecha Detenci\u00f3n\/Muerte:<\/strong> 12-03-1974<\/p><p><strong>Ocupaci\u00f3n:<\/strong> SOLDADO CONSCRIPTO <\/p><p><strong>Edad:<\/strong> 20<\/p>\n<hr class=\"wp-block-separator has-text-color has-white-color has-alpha-channel-opacity has-white-background-color has-background is-style-default\"\/>\tJorge Eugenio Maldonado Sep\u00falveda muri\u00f3 ese d\u00eda a las 15:30 horas, en el Regimiento Maturana de Valdivia, por una herida de bala cr\u00e1neo enc\u00e9falo facial, seg\u00fan consigna el Acta de Defunci\u00f3n respectiva.  \r\n\r\nDe acuerdo con las declaraciones de familiares, el Ej\u00e9rcito les inform\u00f3 que el joven se hab\u00eda suicidado con un arma de fuego en la cara, en el interior del Regimiento donde estaba destacado. \r\n\r\nUn testigo que en esos momentos estaba haciendo el Servicio Militar asegur\u00f3 que Jorge Maldonado ten\u00eda serios problemas con el Servicio de Inteligencia Militar, por su actitud de rechazo a determinadas acciones que se les ordenaba realizar.\r\n\r\nNo fue posible ubicar el proceso judicial respectivo ni el Protocolo de Autopsia.\r\n\r\nConsiderando los antecedentes reunidos y la investigaci\u00f3n realizada por esta Corporaci\u00f3n, pese a no haber establecido las circunstancias precisas de su muerte, el Consejo Superior estim\u00f3 que la decisi\u00f3n de autoeliminarse es atribuible a las condiciones de tensi\u00f3n en que efectivos militares de escasa experiencia cumpl\u00edan funciones para las que no estaban suficientemente entrenados. Por tal raz\u00f3n, y  atendida la \u00e9poca de estos sucesos, declar\u00f3 a Jorge Eugenio Maldonado Sep\u00falveda v\u00edctima de la violencia pol\u00edtica imperante.\t","protected":false},"excerpt":{"rendered":"<p>\tJorge Eugenio Maldonado Sep\u00falveda, 20 a\u00f1os, soldado conscripto del Ej\u00e9rcito. Muerto el 12 de marzo de 1974 en Valdivia.\t &hellip; <a href=\"https:\/\/interactivos.museodelamemoria.cl\/victims\/?p=434\" class=\"more-link\"><span class=\"readmore\">Averigua m\u00e1s acerca de esta v\u00edctima&#8230;<span class=\"screen-reader-text\">MALDONADO SEPULVEDA JORGE EUGENIO<\/span><\/span><\/a><\/p>\n","protected":false},"author":1,"featured_media":0,"comment_status":"open","ping_status":"open","sticky":false,"template":"","format":"standard","meta":{"footnotes":""},"categories":[5],"tags":[],"class_list":["post-434","post","type-post","status-publish","format-standard","hentry","category-ejecutado-politico"],"_links":{"self":[{"href":"https:\/\/interactivos.museodelamemoria.cl\/victims\/index.php?rest_route=\/wp\/v2\/posts\/434"}],"collection":[{"href":"https:\/\/interactivos.museodelamemoria.cl\/victims\/index.php?rest_route=\/wp\/v2\/posts"}],"about":[{"href":"https:\/\/interactivos.museodelamemoria.cl\/victims\/index.php?rest_route=\/wp\/v2\/types\/post"}],"author":[{"embeddable":true,"href":"https:\/\/interactivos.museodelamemoria.cl\/victims\/index.php?rest_route=\/wp\/v2\/users\/1"}],"replies":[{"embeddable":true,"href":"https:\/\/interactivos.museodelamemoria.cl\/victims\/index.php?rest_route=%2Fwp%2Fv2%2Fcomments&post=434"}],"version-history":[{"count":0,"href":"https:\/\/interactivos.museodelamemoria.cl\/victims\/index.php?rest_route=\/wp\/v2\/posts\/434\/revisions"}],"wp:attachment":[{"href":"https:\/\/interactivos.museodelamemoria.cl\/victims\/index.php?rest_route=%2Fwp%2Fv2%2Fmedia&parent=434"}],"wp:term":[{"taxonomy":"category","embeddable":true,"href":"https:\/\/interactivos.museodelamemoria.cl\/victims\/index.php?rest_route=%2Fwp%2Fv2%2Fcategories&post=434"},{"taxonomy":"post_tag","embeddable":true,"href":"https:\/\/interactivos.museodelamemoria.cl\/victims\/index.php?rest_route=%2Fwp%2Fv2%2Ftags&post=434"}],"curies":[{"name":"wp","href":"https:\/\/api.w.org\/{rel}","templated":true}]}}