{"id":436,"date":"2013-04-01T00:00:00","date_gmt":"2013-04-01T00:00:00","guid":{"rendered":""},"modified":"2013-04-01T00:00:00","modified_gmt":"2013-04-01T00:00:00","slug":"victima-1","status":"publish","type":"post","link":"https:\/\/interactivos.museodelamemoria.cl\/victims\/?p=436","title":{"rendered":"MALDONADO VELASQUEZ JORGE GERMAN LUIS"},"content":{"rendered":"<hr class=\"wp-block-separator has-text-color has-white-color has-alpha-channel-opacity has-white-background-color has-background is-style-default\"\/><p><strong>Instancia Calificadora:<\/strong> CNRR violaci\u00f3n de DDHH<\/p><p><strong>Militancia:<\/strong> Sin Militancia<\/p><p><strong>Regi\u00f3n:<\/strong> RM Metropolitana<\/p><p><strong>Ciudad:<\/strong> SANTIAGO<\/p><p><strong>Comuna:<\/strong> PUENTE ALTO<\/p><p><strong>Fecha Detenci\u00f3n\/Muerte:<\/strong> 21-01-1989<\/p><p><strong>Ocupaci\u00f3n:<\/strong> <\/p><p><strong>Edad:<\/strong> 19<\/p>\n<hr class=\"wp-block-separator has-text-color has-white-color has-alpha-channel-opacity has-white-background-color has-background is-style-default\"\/>\tJorge Germ\u00e1n Luis Maldonado Vel\u00e1squez muri\u00f3 ese d\u00eda a las 4:00 horas, en el Hospital S\u00f3tero del R\u00edo, por un traumatismo pulmonar y de la arteria y vena subclavia izquierda por bala, seg\u00fan se consigna en el Certificado M\u00e9dico de Defunci\u00f3n del Instituto M\u00e9dico Legal.\r\n\r\nDe acuerdo con los antecedentes que obran en el proceso judicial, alrededor de las 2:00 horas de ese d\u00eda, Jorge Maldonado se encontraba en la v\u00eda p\u00fablica, al interior de la poblaci\u00f3n Nuevo Amanecer. Al percatarse que tres carabineros golpeaban a una persona que ten\u00edan detenida, trat\u00f3 de acercarse a los polic\u00edas, junto con un amigo.\r\n\r\nEn declaraciones judiciales de testigos presenciales se se\u00f1ala que los funcionarios sacaron sus armas de servicio y ambos j\u00f3venes echaron a correr. En esos momentos Jorge Maldonado fue impactado en la espalda por un proyectil disparado por uno de los carabineros. \r\n\r\nFalleci\u00f3 en un centro hospitalario al que fue conducido.\r\n\r\nPara investigar su muerte se inici\u00f3 un proceso en la Cuarta Fiscal\u00eda Militar de Santiago, el que fue sobreseido temporalmente por estimar el Juez Militar que, no obstante estar acreditada la comisi\u00f3n del delito de homicidio, no exist\u00edan indicios suficientes para acusar a determinada persona como autora del mismo. \r\n\r\nConsiderando los antecedentes reunidos y la investigaci\u00f3n realizada por esta Corporaci\u00f3n, el Consejo Superior declar\u00f3 a Jorge Germ\u00e1n Luis Maldonado Vel\u00e1squez v\u00edctima de violaci\u00f3n de derechos humanos  por agentes del Estado que hicieron uso indebido de la fuerza.\t","protected":false},"excerpt":{"rendered":"<p>\tJorge Germ\u00e1n Luis Maldonado Vel\u00e1squez, 19 a\u00f1os. Muerto el 21 de enero de 1989 en Santiago.\t &hellip; <a href=\"https:\/\/interactivos.museodelamemoria.cl\/victims\/?p=436\" class=\"more-link\"><span class=\"readmore\">Averigua m\u00e1s acerca de esta v\u00edctima&#8230;<span class=\"screen-reader-text\">MALDONADO VELASQUEZ JORGE GERMAN LUIS<\/span><\/span><\/a><\/p>\n","protected":false},"author":1,"featured_media":0,"comment_status":"open","ping_status":"open","sticky":false,"template":"","format":"standard","meta":{"footnotes":""},"categories":[5],"tags":[],"class_list":["post-436","post","type-post","status-publish","format-standard","hentry","category-ejecutado-politico"],"_links":{"self":[{"href":"https:\/\/interactivos.museodelamemoria.cl\/victims\/index.php?rest_route=\/wp\/v2\/posts\/436"}],"collection":[{"href":"https:\/\/interactivos.museodelamemoria.cl\/victims\/index.php?rest_route=\/wp\/v2\/posts"}],"about":[{"href":"https:\/\/interactivos.museodelamemoria.cl\/victims\/index.php?rest_route=\/wp\/v2\/types\/post"}],"author":[{"embeddable":true,"href":"https:\/\/interactivos.museodelamemoria.cl\/victims\/index.php?rest_route=\/wp\/v2\/users\/1"}],"replies":[{"embeddable":true,"href":"https:\/\/interactivos.museodelamemoria.cl\/victims\/index.php?rest_route=%2Fwp%2Fv2%2Fcomments&post=436"}],"version-history":[{"count":0,"href":"https:\/\/interactivos.museodelamemoria.cl\/victims\/index.php?rest_route=\/wp\/v2\/posts\/436\/revisions"}],"wp:attachment":[{"href":"https:\/\/interactivos.museodelamemoria.cl\/victims\/index.php?rest_route=%2Fwp%2Fv2%2Fmedia&parent=436"}],"wp:term":[{"taxonomy":"category","embeddable":true,"href":"https:\/\/interactivos.museodelamemoria.cl\/victims\/index.php?rest_route=%2Fwp%2Fv2%2Fcategories&post=436"},{"taxonomy":"post_tag","embeddable":true,"href":"https:\/\/interactivos.museodelamemoria.cl\/victims\/index.php?rest_route=%2Fwp%2Fv2%2Ftags&post=436"}],"curies":[{"name":"wp","href":"https:\/\/api.w.org\/{rel}","templated":true}]}}