{"id":445,"date":"2013-04-01T00:00:00","date_gmt":"2013-04-01T00:00:00","guid":{"rendered":""},"modified":"2013-04-01T00:00:00","modified_gmt":"2013-04-01T00:00:00","slug":"victima-1","status":"publish","type":"post","link":"https:\/\/interactivos.museodelamemoria.cl\/victims\/?p=445","title":{"rendered":"ZAVALA GALLEGOS MIGUEL ANGEL"},"content":{"rendered":"<hr class=\"wp-block-separator has-text-color has-white-color has-alpha-channel-opacity has-white-background-color has-background is-style-default\"\/><p><strong>Instancia Calificadora:<\/strong> CVR violaci\u00f3n de DDHH<\/p><p><strong>Militancia:<\/strong> Sin Militancia<\/p><p><strong>Regi\u00f3n:<\/strong> RM Metropolitana<\/p><p><strong>Ciudad:<\/strong> SANTIAGO<\/p><p><strong>Comuna:<\/strong> SAN MIGUEL<\/p><p><strong>Fecha Detenci\u00f3n\/Muerte:<\/strong> 08-09-1983<\/p><p><strong>Ocupaci\u00f3n:<\/strong> CHOFER MICROBUS<\/p><p><strong>Edad:<\/strong> 24<\/p>\n<hr class=\"wp-block-separator has-text-color has-white-color has-alpha-channel-opacity has-white-background-color has-background is-style-default\"\/>\tEl d\u00eda 8 de septiembre de 1983, en el marco de la Quinta Jornada de Protesta Nacional, se produjeron nueve muertes:\r\n\r\nMiguel Angel ZAVALA GALLEGOS, de 24 a\u00f1os de edad, era chofer de buses.  Muri\u00f3 a causa de una herida a bala que le atraves\u00f3 el t\u00f3rax, en momentos que se produjo un incidente entre pobladores y fuerzas policiales en la Poblaci\u00f3n La Victoria (Santiago).\r\n\r\nTestigos presenciales afirmaron que efectivos de Carabineros hicieron uso de sus armas de fuego.  Carabineros se\u00f1ala que en ese lugar no hab\u00eda fuerza p\u00fablica y que los disparos provinieron de civiles que se movilizaban en un veh\u00edculo sin patente.\r\n\r\nA esta Comisi\u00f3n no le resulta veros\u00edmil la versi\u00f3n oficial en atenci\u00f3n a las declaraciones de los testigos y los antecedentes sobre el procedimiento general empleado en las manifestaciones colectivas por parte de las fuerzas policiales.  Por tanto, presume que los agentes del Estado violaron el derecho a la vida de Miguel Zavala, al hacer uso excesivo de la fuerza.\r\n\r\nOscar Julio RAMIREZ GONZALEZ, de 23 a\u00f1os, se desempe\u00f1aba como encuadernador en una imprenta.  Falleci\u00f3 a causa de un impacto de bala que le atraves\u00f3 el t\u00f3rax, cuando participaba en manifestaciones de protesta en la Poblaci\u00f3n Juan Antonio R\u00edos (Santiago).\r\n\r\nDeclaraciones de Carabineros en el proceso judicial respectivo reconocen la actuaci\u00f3n en el lugar de furgones, buses y piquetes de efectivos de su instituci\u00f3n, pero niegan haber hecho uso de sus armas de fuego.  \r\n\r\nCon todo, por testimonios m\u00faltiples, veros\u00edmiles y coincidentes, a esta Comisi\u00f3n le asiste la convicci\u00f3n que agentes del Estado   presumiblemente pertenecientes a Carabineros   utilizaron sus armas de servicio excedi\u00e9ndose en el uso de la fuerza, violando as\u00ed el derecho a la vida de Oscar Julio Ram\u00edrez.\r\n\r\nRobinson RAMIREZ RUBIO ten\u00eda 24 a\u00f1os de edad y trabajaba como obrero del Programa Ocupacional para Jefes de Hogar (POJH).\r\n\r\nLa noche del 8 se realizaron manifestaciones callejeras en el sector de calle Zapadores con Recoleta (Santiago).  Diversas versiones recibidas en la Comisi\u00f3n dan cuenta de que los manifestantes huyeron al hacerse presentes funcionarios de Carabineros.  En ese contexto hubo disparos con armas de fuego, uno de los cuales lo impact\u00f3 provoc\u00e1ndole la muerte.  \r\n\r\nLos antecedentes recibidos no permiten precisar qui\u00e9n efectu\u00f3 el disparo mortal, pero llevan a la Comisi\u00f3n a presumir que se trat\u00f3 de particulares con motivos pol\u00edticos, quienes violaron el derecho a la vida de Robinson Ram\u00edrez.  Existen indicios de que tales particulares actuaron amparados por agentes del Estado. \r\n\r\n&#8211; Mar\u00eda Elena RODRIGUEZ RODRIGUEZ ten\u00eda 27 a\u00f1os y trabajaba como comerciante ambulante.\r\n\r\nEl 8 de septiembre al mediod\u00eda, en calle Serrano (Valpara\u00edso), un grupo manifestantes realizaba una marcha de adhesi\u00f3n a la Protesta Nacional.  En el mismo lugar un funcionario de Carabineros que se dirig\u00eda a su domicilio detuvo a una persona que distribu\u00eda panfletos.  Testigos del hecho se\u00f1alaron: \u00aba pocos pasos el detenido se fug\u00f3.  El polic\u00eda desenfund\u00f3 su arma y dispar\u00f3 hiri\u00e9ndolo en el hombro; pero, al salir, el proyectil dio muerte a la vendedora ambulante Mar\u00eda Rodr\u00edguez que se encontraba en las inmediaciones\u00bb.  \r\n\r\nPor su parte, Carabineros afirm\u00f3: \u00abuna poblada de aproximadamente cincuenta personas trat\u00f3 de quitarle al detenido, quien golpe\u00f3 al polic\u00eda para escaparse.  Al verse amenazado, el carabinero sac\u00f3 su revolver con el que trat\u00f3 de golpear al detenido y en ese momento se le escap\u00f3 un tiro.  La bala atraves\u00f3 el hombro del detenido y, en forma simult\u00e1nea, impact\u00f3 a Mar\u00eda Elena Rodr\u00edguez, quien en ese momento pasaba por el lugar\u00bb.  \r\n\r\nLos antecedentes expuestos permiten a esta Comisi\u00f3n formarse convicci\u00f3n que Mar\u00eda Elena Rodr\u00edguez fue v\u00edctima inocente de la violencia pol\u00edtica del per\u00edodo.\r\n   \r\nCarlos de la Cruz ITURRA CONTRERAS ten\u00eda 25 a\u00f1os y estudiaba en el Instituto Nacional de Capacitaci\u00f3n Profesional (Inacap).\r\n\r\nEn la noche de ese d\u00eda, durante manifestaciones de protesta en las cercan\u00edas de calle Paicav\u00ed (Concepci\u00f3n), personas que se movilizaban en un autom\u00f3vil sin patente hicieron disparos con arma de fuego, hiri\u00e9ndolo.  Falleci\u00f3 al d\u00eda siguiente por heridas a bala.\r\n\r\nEn atenci\u00f3n a los elementos expuestos, a esta Comisi\u00f3n le asiste la convicci\u00f3n que Carlos Fernando Iturra muri\u00f3 v\u00edctima de violaci\u00f3n a los derechos humanos de responsabilidad de particulares que actuaron bajo pretexto pol\u00edtico.  \r\n\r\nOscar Omar DURAN TORRES ten\u00eda 17 a\u00f1os y trabajaba como artesano.\r\n\r\nLa noche del 8, mientras se realizaban manifestaciones antigubernamentales en la poblaci\u00f3n La Pincoya (Santiago), fue gravemente herido con arma blanca.  Falleci\u00f3 posteriormente, tras seis infructuosas intervenciones quir\u00fargicas.  \r\n\r\nVersiones de testigos, y de \u00e9l mismo antes de morir, afirman que los autores de las heridas fueron agentes del Estado que lo castigaron con un yatag\u00e1n.\r\n\r\nEn consideraci\u00f3n a estos antecedentes, a esta Comisi\u00f3n le asiste la convicci\u00f3n que Oscar Omar Dur\u00e1n fue ejecutado por agentes del Estado, quienes violaron gravemente sus derechos humanos.  \r\n\r\nNelson Fernando GOMEZ ESPINOZA ten\u00eda 19 a\u00f1os de edad y se desempe\u00f1aba como obrero.\r\n\r\nEl d\u00eda 9 de septiembre se produjeron incidentes y manifestaciones en diversos lugares, como continuaci\u00f3n de la Quinta Jornada de Protesta Nacional.  En la noche de ese d\u00eda, cuando se encontraba en calle La Granja a la altura de calle Bolivia (Santiago), recibi\u00f3 un impacto de bala de origen desconocido que le provoc\u00f3 la muerte horas despu\u00e9s.\r\n\r\nLos antecedentes espec\u00edficos del caso y las circunstancias generales que caracterizaron este per\u00edodo permiten a esta Comisi\u00f3n formarse convicci\u00f3n que Nelson Fernando G\u00f3mez perdi\u00f3 la vida v\u00edctima de la violencia pol\u00edtica. \r\n\r\nJorge Sebasti\u00e1n ARELLANO MU\u00d1OZ, de 20 a\u00f1os de edad, obrero en el Programa Ocupacional para Jefes de Hogar (POJH), falleci\u00f3 a causa de heridas a bala, cerca de la medianoche del 9 de septiembre en el campamento Tricolor (Santiago).\r\n\r\nM\u00faltiples y concordantes testimonios se\u00f1alan que por el lugar pasaron civiles, presumiblemente partidarios del gobierno del momento, realizando disparos con armas de fuego desde veh\u00edculos en marcha.\r\n\r\nA esta Comisi\u00f3n le asiste la convicci\u00f3n que particulares que actuaron bajo pretexto pol\u00edtico, dieron muerte a Jorge Sebast\u00edan Arellano, violando sus derechos humanos.\t","protected":false},"excerpt":{"rendered":"<p>\tMiguel \u00c1ngel Zavala Gallegos, 24 a\u00f1os,  chofer de microbus. Muerto el 8 de septiembre de 1983 en Santiago.\t &hellip; <a href=\"https:\/\/interactivos.museodelamemoria.cl\/victims\/?p=445\" class=\"more-link\"><span class=\"readmore\">Averigua m\u00e1s acerca de esta v\u00edctima&#8230;<span class=\"screen-reader-text\">ZAVALA GALLEGOS MIGUEL ANGEL<\/span><\/span><\/a><\/p>\n","protected":false},"author":1,"featured_media":0,"comment_status":"open","ping_status":"open","sticky":false,"template":"","format":"standard","meta":{"footnotes":""},"categories":[5],"tags":[],"class_list":["post-445","post","type-post","status-publish","format-standard","hentry","category-ejecutado-politico"],"_links":{"self":[{"href":"https:\/\/interactivos.museodelamemoria.cl\/victims\/index.php?rest_route=\/wp\/v2\/posts\/445"}],"collection":[{"href":"https:\/\/interactivos.museodelamemoria.cl\/victims\/index.php?rest_route=\/wp\/v2\/posts"}],"about":[{"href":"https:\/\/interactivos.museodelamemoria.cl\/victims\/index.php?rest_route=\/wp\/v2\/types\/post"}],"author":[{"embeddable":true,"href":"https:\/\/interactivos.museodelamemoria.cl\/victims\/index.php?rest_route=\/wp\/v2\/users\/1"}],"replies":[{"embeddable":true,"href":"https:\/\/interactivos.museodelamemoria.cl\/victims\/index.php?rest_route=%2Fwp%2Fv2%2Fcomments&post=445"}],"version-history":[{"count":0,"href":"https:\/\/interactivos.museodelamemoria.cl\/victims\/index.php?rest_route=\/wp\/v2\/posts\/445\/revisions"}],"wp:attachment":[{"href":"https:\/\/interactivos.museodelamemoria.cl\/victims\/index.php?rest_route=%2Fwp%2Fv2%2Fmedia&parent=445"}],"wp:term":[{"taxonomy":"category","embeddable":true,"href":"https:\/\/interactivos.museodelamemoria.cl\/victims\/index.php?rest_route=%2Fwp%2Fv2%2Fcategories&post=445"},{"taxonomy":"post_tag","embeddable":true,"href":"https:\/\/interactivos.museodelamemoria.cl\/victims\/index.php?rest_route=%2Fwp%2Fv2%2Ftags&post=445"}],"curies":[{"name":"wp","href":"https:\/\/api.w.org\/{rel}","templated":true}]}}