{"id":468,"date":"2013-04-01T00:00:00","date_gmt":"2013-04-01T00:00:00","guid":{"rendered":""},"modified":"2013-04-01T00:00:00","modified_gmt":"2013-04-01T00:00:00","slug":"victima-1","status":"publish","type":"post","link":"https:\/\/interactivos.museodelamemoria.cl\/victims\/?p=468","title":{"rendered":"ZAVALA LOPEZ HECTOR GREGORIO"},"content":{"rendered":"<hr class=\"wp-block-separator has-text-color has-white-color has-alpha-channel-opacity has-white-background-color has-background is-style-default\"\/><p><strong>Instancia Calificadora:<\/strong> CVR violencia pol\u00edtica<\/p><p><strong>Militancia:<\/strong> Sin Militancia<\/p><p><strong>Regi\u00f3n:<\/strong> RM Metropolitana<\/p><p><strong>Ciudad:<\/strong> SANTIAGO<\/p><p><strong>Comuna:<\/strong> LA PINTANA<\/p><p><strong>Fecha Detenci\u00f3n\/Muerte:<\/strong> 04-09-1985<\/p><p><strong>Ocupaci\u00f3n:<\/strong> OBRERO POJH<\/p><p><strong>Edad:<\/strong> 29<\/p>\n<hr class=\"wp-block-separator has-text-color has-white-color has-alpha-channel-opacity has-white-background-color has-background is-style-default\"\/>\tEl d\u00eda 4 de septiembre de 1985 en las manifestaciones relativas a la D\u00e9cimo Cuarta Jornada de Protesta Nacional murieron diez personas: [\u2026]\r\nH\u00e9ctor Gregorio ZAVALA LOPEZ, de 29 a\u00f1os de edad, casado, obrero del Programa Ocupacional para Jefes de Hogar (POJH), muri\u00f3 a ra\u00edz de incidentes ocurridos la tarde del 4 de septiembre, en el contexto de actos de protesta en la esquina de calles Teniente Cruz Mart\u00ednez y Aurelio D\u00edaz Meza, La Pintana (Santiago).  \r\nUn grupo de personas aprovech\u00f3 la ocasi\u00f3n para intentar asaltar una panader\u00eda ubicada en el lugar, ante lo cual los vigilantes del local hicieron disparos con escopeta.  En los hechos falleci\u00f3 el afectado, a causa de heridas provocadas por perdigones.  \r\nLos antecedentes expuestos llevan a esta Comisi\u00f3n a suponer que la muerte tuvo relaci\u00f3n con la defensa de un local comercial, sin que pueda presumirse participaci\u00f3n del afectado en los ataques, de donde se desprende que H\u00e9ctor Zavala cay\u00f3 v\u00edctima de la violencia pol\u00edtica del momento.\r\n\t","protected":false},"excerpt":{"rendered":"<p>\tH\u00e9ctor Gregorio Zavala L\u00f3pez, 29 a\u00f1os, obrero del Programa Ocupacional para Jefes de Hogar (POJH). Muerto el 4 de septiembre de 1985 en Santiago.\t &hellip; <a href=\"https:\/\/interactivos.museodelamemoria.cl\/victims\/?p=468\" class=\"more-link\"><span class=\"readmore\">Averigua m\u00e1s acerca de esta v\u00edctima&#8230;<span class=\"screen-reader-text\">ZAVALA LOPEZ HECTOR GREGORIO<\/span><\/span><\/a><\/p>\n","protected":false},"author":1,"featured_media":0,"comment_status":"open","ping_status":"open","sticky":false,"template":"","format":"standard","meta":{"footnotes":""},"categories":[5],"tags":[],"class_list":["post-468","post","type-post","status-publish","format-standard","hentry","category-ejecutado-politico"],"_links":{"self":[{"href":"https:\/\/interactivos.museodelamemoria.cl\/victims\/index.php?rest_route=\/wp\/v2\/posts\/468"}],"collection":[{"href":"https:\/\/interactivos.museodelamemoria.cl\/victims\/index.php?rest_route=\/wp\/v2\/posts"}],"about":[{"href":"https:\/\/interactivos.museodelamemoria.cl\/victims\/index.php?rest_route=\/wp\/v2\/types\/post"}],"author":[{"embeddable":true,"href":"https:\/\/interactivos.museodelamemoria.cl\/victims\/index.php?rest_route=\/wp\/v2\/users\/1"}],"replies":[{"embeddable":true,"href":"https:\/\/interactivos.museodelamemoria.cl\/victims\/index.php?rest_route=%2Fwp%2Fv2%2Fcomments&post=468"}],"version-history":[{"count":0,"href":"https:\/\/interactivos.museodelamemoria.cl\/victims\/index.php?rest_route=\/wp\/v2\/posts\/468\/revisions"}],"wp:attachment":[{"href":"https:\/\/interactivos.museodelamemoria.cl\/victims\/index.php?rest_route=%2Fwp%2Fv2%2Fmedia&parent=468"}],"wp:term":[{"taxonomy":"category","embeddable":true,"href":"https:\/\/interactivos.museodelamemoria.cl\/victims\/index.php?rest_route=%2Fwp%2Fv2%2Fcategories&post=468"},{"taxonomy":"post_tag","embeddable":true,"href":"https:\/\/interactivos.museodelamemoria.cl\/victims\/index.php?rest_route=%2Fwp%2Fv2%2Ftags&post=468"}],"curies":[{"name":"wp","href":"https:\/\/api.w.org\/{rel}","templated":true}]}}