{"id":474,"date":"2013-04-01T00:00:00","date_gmt":"2013-04-01T00:00:00","guid":{"rendered":""},"modified":"2013-04-01T00:00:00","modified_gmt":"2013-04-01T00:00:00","slug":"victima-1","status":"publish","type":"post","link":"https:\/\/interactivos.museodelamemoria.cl\/victims\/?p=474","title":{"rendered":"MENA SANCHEZ MARCOS DAVID"},"content":{"rendered":"<hr class=\"wp-block-separator has-text-color has-white-color has-alpha-channel-opacity has-white-background-color has-background is-style-default\"\/><p><strong>Instancia Calificadora:<\/strong> CNRR violaci\u00f3n de DDHH<\/p><p><strong>Militancia:<\/strong> Sin Militancia<\/p><p><strong>Regi\u00f3n:<\/strong> VIII Biob\u00edo<\/p><p><strong>Ciudad:<\/strong> TOME<\/p><p><strong>Comuna:<\/strong> TOME<\/p><p><strong>Fecha Detenci\u00f3n\/Muerte:<\/strong> 05-09-1986<\/p><p><strong>Ocupaci\u00f3n:<\/strong> VENDEDOR DE PESCADO<\/p><p><strong>Edad:<\/strong> 21<\/p>\n<hr class=\"wp-block-separator has-text-color has-white-color has-alpha-channel-opacity has-white-background-color has-background is-style-default\"\/>\tMarcos David Mena Sanchez muri\u00f3 ese d\u00eda a las 17:00 horas, en el Cuartel de Investigaciones de Tom\u00e9, Concepci\u00f3n, por ahorcadura, seg\u00fan consta en el Certificado M\u00e9dico  de Defunci\u00f3n del Instituto M\u00e9dico Legal. \r\n\r\nEl 5 de septiembre, alrededor de las 14:00 horas, Marcos Mena fue detenido en Tom\u00e9 por funcionarios de la Polic\u00eda de Investigaciones, quienes lo trasladaron a la unidad policial de esa ciudad, con el fin de interrogarlo.  Al d\u00eda siguiente se inform\u00f3 a sus familiares que el joven hab\u00eda fallecido mientras se encontraba detenido.\r\n\r\nEl Protocolo de Autopsia indic\u00f3 que la muerte se hab\u00eda producido por asfixia de origen mec\u00e1nico por obst\u00e1culo externo sobre el cuello y que, adem\u00e1s de los signos propios de ahorcadura, el cuerpo de la v\u00edctima presentaba hematoma subcut\u00e1neo de la regi\u00f3n lumbar y contusi\u00f3n en ambos test\u00edculos.  Ambas lesiones, seg\u00fan indicaron expertos, pudieron ser provocadas por un golpe fuerte dado con el pu\u00f1o, el pie o bien con un elemento contundente, romo, no descart\u00e1ndose la aplicaci\u00f3n de corriente.  El informe de carabineros estim\u00f3 que pudo haberse ejercido violencia sobre el detenido en el momento de ser interrogado.\r\n\r\nConsiderando los antecedentes reunidos, el Consejo Superior lleg\u00f3 a la convicci\u00f3n de que en la muerte de Marcos David Mena S\u00e1nchez, hubiera sido o no por suicidio, tuvieron decisiva influencia los malos tratos a que fue sometido por agentes del Estado.  Por esta raz\u00f3n, lo declar\u00f3 v\u00edctima de violaci\u00f3n de derechos humanos.\t","protected":false},"excerpt":{"rendered":"<p>\tMarcos David Mena Sanchez, 21 a\u00f1os, comerciante. Muerto el 5 de septiembre de 1986 en Tom\u00e9, provincia de Concepci\u00f3n.\t &hellip; <a href=\"https:\/\/interactivos.museodelamemoria.cl\/victims\/?p=474\" class=\"more-link\"><span class=\"readmore\">Averigua m\u00e1s acerca de esta v\u00edctima&#8230;<span class=\"screen-reader-text\">MENA SANCHEZ MARCOS DAVID<\/span><\/span><\/a><\/p>\n","protected":false},"author":1,"featured_media":0,"comment_status":"open","ping_status":"open","sticky":false,"template":"","format":"standard","meta":{"footnotes":""},"categories":[5],"tags":[],"class_list":["post-474","post","type-post","status-publish","format-standard","hentry","category-ejecutado-politico"],"_links":{"self":[{"href":"https:\/\/interactivos.museodelamemoria.cl\/victims\/index.php?rest_route=\/wp\/v2\/posts\/474"}],"collection":[{"href":"https:\/\/interactivos.museodelamemoria.cl\/victims\/index.php?rest_route=\/wp\/v2\/posts"}],"about":[{"href":"https:\/\/interactivos.museodelamemoria.cl\/victims\/index.php?rest_route=\/wp\/v2\/types\/post"}],"author":[{"embeddable":true,"href":"https:\/\/interactivos.museodelamemoria.cl\/victims\/index.php?rest_route=\/wp\/v2\/users\/1"}],"replies":[{"embeddable":true,"href":"https:\/\/interactivos.museodelamemoria.cl\/victims\/index.php?rest_route=%2Fwp%2Fv2%2Fcomments&post=474"}],"version-history":[{"count":0,"href":"https:\/\/interactivos.museodelamemoria.cl\/victims\/index.php?rest_route=\/wp\/v2\/posts\/474\/revisions"}],"wp:attachment":[{"href":"https:\/\/interactivos.museodelamemoria.cl\/victims\/index.php?rest_route=%2Fwp%2Fv2%2Fmedia&parent=474"}],"wp:term":[{"taxonomy":"category","embeddable":true,"href":"https:\/\/interactivos.museodelamemoria.cl\/victims\/index.php?rest_route=%2Fwp%2Fv2%2Fcategories&post=474"},{"taxonomy":"post_tag","embeddable":true,"href":"https:\/\/interactivos.museodelamemoria.cl\/victims\/index.php?rest_route=%2Fwp%2Fv2%2Ftags&post=474"}],"curies":[{"name":"wp","href":"https:\/\/api.w.org\/{rel}","templated":true}]}}