{"id":501,"date":"2013-04-01T00:00:00","date_gmt":"2013-04-01T00:00:00","guid":{"rendered":""},"modified":"2013-04-01T00:00:00","modified_gmt":"2013-04-01T00:00:00","slug":"victima-1","status":"publish","type":"post","link":"https:\/\/interactivos.museodelamemoria.cl\/victims\/?p=501","title":{"rendered":"MONTECINOS DIAZ DAMASO ULISES"},"content":{"rendered":"<hr class=\"wp-block-separator has-text-color has-white-color has-alpha-channel-opacity has-white-background-color has-background is-style-default\"\/><p><strong>Instancia Calificadora:<\/strong> CNRR violencia pol\u00edtica<\/p><p><strong>Militancia:<\/strong> Sin Militancia<\/p><p><strong>Regi\u00f3n:<\/strong> RM Metropolitana<\/p><p><strong>Ciudad:<\/strong> SANTIAGO<\/p><p><strong>Comuna:<\/strong> <\/p><p><strong>Fecha Detenci\u00f3n\/Muerte:<\/strong> 04-04-1984<\/p><p><strong>Ocupaci\u00f3n:<\/strong> OBRERO POJH<\/p><p><strong>Edad:<\/strong> 25<\/p>\n<hr class=\"wp-block-separator has-text-color has-white-color has-alpha-channel-opacity has-white-background-color has-background is-style-default\"\/>\tD\u00e1maso Ulises Montecinos Diaz muri\u00f3 ese d\u00eda a las 21:25 horas, en dependencias del Hogar de Cristo, por una insuficiencia renal aguda, paraplejia secundaria a secci\u00f3n medular, y escaras m\u00faltiples, caquexia, seg\u00fan consigna el Certificado M\u00e9dico de Defunci\u00f3n suscrito por el m\u00e9dico tratante.  \r\n\r\nSeg\u00fan declararon testigos, el 15 de octubre de 1983, alrededor de la 1:00 hora, D\u00e1maso Montecinos caminaba junto a su conviviente y su hija por calle Neptuno esquina Ingeniero Giroz, en la actual comuna de Lo Prado, donde se estaban realizando actos de protesta pol\u00edtica.  En esas circunstancias fue herido por el disparo efectuado por un sujeto de civil que descendi\u00f3 desde un autom\u00f3vil. \r\n\r\nEl proyectil le atraves\u00f3 uno de los brazos y termin\u00f3 su recorrido en la columna vertebral, ocasion\u00e1ndole lesiones en los pulmones. Fue trasladado  al Hospital San Juan de Dios, donde fue sometido a varias intervenciones quir\u00fargicas. El 29 de noviembre de 1983 fue internado, en calidad de desahuciado, en la sala Padre Hurtado del Hogar de Cristo, donde falleci\u00f3 cuatro meses despu\u00e9s.\r\n\r\nConsiderando los antecedentes reunidos y la investigaci\u00f3n realizada por esta Corporaci\u00f3n, el Consejo Superior lleg\u00f3 a la convicci\u00f3n de que el atentado que sufri\u00f3 D\u00e1maso Ulises Montecinos D\u00edaz tuvo una motivaci\u00f3n pol\u00edtica y que su muerte fue consecuencia de las graves lesiones que ese ataque le produjo. Por tal raz\u00f3n, lo declar\u00f3  v\u00edctima de la violencia pol\u00edtica imperante.\t","protected":false},"excerpt":{"rendered":"<p>\tD\u00e1maso Ulises Montecinos Diaz, 25 a\u00f1os, trabajador. Muerto el 4 de abril de 1984 en Santiago.\t &hellip; <a href=\"https:\/\/interactivos.museodelamemoria.cl\/victims\/?p=501\" class=\"more-link\"><span class=\"readmore\">Averigua m\u00e1s acerca de esta v\u00edctima&#8230;<span class=\"screen-reader-text\">MONTECINOS DIAZ DAMASO ULISES<\/span><\/span><\/a><\/p>\n","protected":false},"author":1,"featured_media":0,"comment_status":"open","ping_status":"open","sticky":false,"template":"","format":"standard","meta":{"footnotes":""},"categories":[5],"tags":[],"class_list":["post-501","post","type-post","status-publish","format-standard","hentry","category-ejecutado-politico"],"_links":{"self":[{"href":"https:\/\/interactivos.museodelamemoria.cl\/victims\/index.php?rest_route=\/wp\/v2\/posts\/501"}],"collection":[{"href":"https:\/\/interactivos.museodelamemoria.cl\/victims\/index.php?rest_route=\/wp\/v2\/posts"}],"about":[{"href":"https:\/\/interactivos.museodelamemoria.cl\/victims\/index.php?rest_route=\/wp\/v2\/types\/post"}],"author":[{"embeddable":true,"href":"https:\/\/interactivos.museodelamemoria.cl\/victims\/index.php?rest_route=\/wp\/v2\/users\/1"}],"replies":[{"embeddable":true,"href":"https:\/\/interactivos.museodelamemoria.cl\/victims\/index.php?rest_route=%2Fwp%2Fv2%2Fcomments&post=501"}],"version-history":[{"count":0,"href":"https:\/\/interactivos.museodelamemoria.cl\/victims\/index.php?rest_route=\/wp\/v2\/posts\/501\/revisions"}],"wp:attachment":[{"href":"https:\/\/interactivos.museodelamemoria.cl\/victims\/index.php?rest_route=%2Fwp%2Fv2%2Fmedia&parent=501"}],"wp:term":[{"taxonomy":"category","embeddable":true,"href":"https:\/\/interactivos.museodelamemoria.cl\/victims\/index.php?rest_route=%2Fwp%2Fv2%2Fcategories&post=501"},{"taxonomy":"post_tag","embeddable":true,"href":"https:\/\/interactivos.museodelamemoria.cl\/victims\/index.php?rest_route=%2Fwp%2Fv2%2Ftags&post=501"}],"curies":[{"name":"wp","href":"https:\/\/api.w.org\/{rel}","templated":true}]}}