{"id":526,"date":"2013-04-01T00:00:00","date_gmt":"2013-04-01T00:00:00","guid":{"rendered":""},"modified":"2025-03-17T16:44:13","modified_gmt":"2025-03-17T19:44:13","slug":"victima-1-1146","status":"publish","type":"post","link":"https:\/\/interactivos.museodelamemoria.cl\/victims\/?p=526","title":{"rendered":"NAVARRO CACERES JUAN FERNANDO"},"content":{"rendered":"<hr class=\"wp-block-separator has-text-color has-white-color has-alpha-channel-opacity has-white-background-color has-background is-style-default\"\/><p><strong>Instancia Calificadora:<\/strong> CNRR violaci\u00f3n de DDHH<\/p><p><strong>Militancia:<\/strong> Sin Militancia<\/p><p><strong>Regi\u00f3n:<\/strong> I Tarapac\u00e1<\/p><p><strong>Ciudad:<\/strong> ARICA<\/p><p><strong>Comuna:<\/strong> <\/p><p><strong>Fecha Detenci\u00f3n\/Muerte:<\/strong> 01-12-1974<\/p><p><strong>Ocupaci\u00f3n:<\/strong> EMPLEADO<\/p><p><strong>Edad:<\/strong> 24<\/p>\n<hr class=\"wp-block-separator has-text-color has-white-color has-alpha-channel-opacity has-white-background-color has-background is-style-default\"\/>\tJuan Fernando Navarro C\u00e1ceres muri\u00f3 ese d\u00eda a las 2:00 horas, en el Hospital de Arica, debido a un TEC grave, fractura de la base del cr\u00e1neo y una contusi\u00f3n cerebral grave, seg\u00fan indica el Certificado de Defunci\u00f3n y el Protocolo de Autopsia. \r\n\r\nDe acuerdo con declaraciones de familiares y testigos presenciales de los hechos, el 30 de noviembre alrededor de las 24:00 horas en circunstancias que Juan Navarro en horas de toque de queda se dirig\u00eda desde su domicilio, ubicado en la poblaci\u00f3n 11 de Septiembre, a su lugar de trabajo para cumplir con turno nocturno fue detenido por una patrulla militar.  Lo registraron y, a punta de golpes de pie y culatazos, lo subieron al veh\u00edculo en que se movilizaban los uniformados. Horas m\u00e1s tarde fue encontrado en la v\u00eda p\u00fablica, gravemente herido. Trasladado al Hospital de Arica, falleci\u00f3 momentos despu\u00e9s.\r\n\r\nEl parte de Carabineros que dio inicio al proceso se\u00f1ala que la causa de la muerte fue un atropellamiento, lo que posteriormente fue desvirtuado en la investigaci\u00f3n judicial por el Informe  de Autopsia y la declaraci\u00f3n del m\u00e9dico legista que lo suscribi\u00f3, quien asegur\u00f3 que el tipo de lesiones que ocasionaron la muerte a Juan Navarro no son las propias de un atropello. Agreg\u00f3 que \u00abllama la atenci\u00f3n la falta de erosiones y contusiones m\u00faltiples que se observa en los sujetos atropellados.\u00bb \r\n\r\nConsiderando los antecedentes reunidos y la investigaci\u00f3n realizada por esta Corporaci\u00f3n, el Consejo Superior declar\u00f3 a Juan Fernando Navarro C\u00e1ceres v\u00edctima de violaci\u00f3n de derechos humanos, teniendo presente que en su muerte tuvieron decisiva influencia los golpes y malos tratos a que fue sometido por parte de agentes del Estado durante su detenci\u00f3n.\t","protected":false},"excerpt":{"rendered":"<p>\tJuan Fernando Navarro C\u00e1ceres, 24 a\u00f1os, empleado. Muerto el 1 de diciembre de 1974 en Arica.\t &hellip; <a href=\"https:\/\/interactivos.museodelamemoria.cl\/victims\/?p=526\" class=\"more-link\"><span class=\"readmore\">Averigua m\u00e1s acerca de esta v\u00edctima&#8230;<span class=\"screen-reader-text\">NAVARRO CACERES JUAN FERNANDO<\/span><\/span><\/a><\/p>\n","protected":false},"author":1,"featured_media":8101,"comment_status":"open","ping_status":"open","sticky":false,"template":"","format":"standard","meta":{"footnotes":""},"categories":[5],"tags":[],"class_list":["post-526","post","type-post","status-publish","format-standard","has-post-thumbnail","hentry","category-ejecutado-politico"],"_links":{"self":[{"href":"https:\/\/interactivos.museodelamemoria.cl\/victims\/index.php?rest_route=\/wp\/v2\/posts\/526"}],"collection":[{"href":"https:\/\/interactivos.museodelamemoria.cl\/victims\/index.php?rest_route=\/wp\/v2\/posts"}],"about":[{"href":"https:\/\/interactivos.museodelamemoria.cl\/victims\/index.php?rest_route=\/wp\/v2\/types\/post"}],"author":[{"embeddable":true,"href":"https:\/\/interactivos.museodelamemoria.cl\/victims\/index.php?rest_route=\/wp\/v2\/users\/1"}],"replies":[{"embeddable":true,"href":"https:\/\/interactivos.museodelamemoria.cl\/victims\/index.php?rest_route=%2Fwp%2Fv2%2Fcomments&post=526"}],"version-history":[{"count":1,"href":"https:\/\/interactivos.museodelamemoria.cl\/victims\/index.php?rest_route=\/wp\/v2\/posts\/526\/revisions"}],"predecessor-version":[{"id":8102,"href":"https:\/\/interactivos.museodelamemoria.cl\/victims\/index.php?rest_route=\/wp\/v2\/posts\/526\/revisions\/8102"}],"wp:featuredmedia":[{"embeddable":true,"href":"https:\/\/interactivos.museodelamemoria.cl\/victims\/index.php?rest_route=\/wp\/v2\/media\/8101"}],"wp:attachment":[{"href":"https:\/\/interactivos.museodelamemoria.cl\/victims\/index.php?rest_route=%2Fwp%2Fv2%2Fmedia&parent=526"}],"wp:term":[{"taxonomy":"category","embeddable":true,"href":"https:\/\/interactivos.museodelamemoria.cl\/victims\/index.php?rest_route=%2Fwp%2Fv2%2Fcategories&post=526"},{"taxonomy":"post_tag","embeddable":true,"href":"https:\/\/interactivos.museodelamemoria.cl\/victims\/index.php?rest_route=%2Fwp%2Fv2%2Ftags&post=526"}],"curies":[{"name":"wp","href":"https:\/\/api.w.org\/{rel}","templated":true}]}}