{"id":553,"date":"2013-04-01T00:00:00","date_gmt":"2013-04-01T00:00:00","guid":{"rendered":""},"modified":"2013-04-01T00:00:00","modified_gmt":"2013-04-01T00:00:00","slug":"victima-1","status":"publish","type":"post","link":"https:\/\/interactivos.museodelamemoria.cl\/victims\/?p=553","title":{"rendered":"NU\u00d1EZ MU\u00d1OZ HECTOR JAIME"},"content":{"rendered":"<hr class=\"wp-block-separator has-text-color has-white-color has-alpha-channel-opacity has-white-background-color has-background is-style-default\"\/><p><strong>Instancia Calificadora:<\/strong> CVR violaci\u00f3n de DDHH<\/p><p><strong>Militancia:<\/strong> Sin Militancia<\/p><p><strong>Regi\u00f3n:<\/strong> VIII Biob\u00edo<\/p><p><strong>Ciudad:<\/strong> SANTA BARBARA<\/p><p><strong>Comuna:<\/strong> SANTA BARBARA<\/p><p><strong>Fecha Detenci\u00f3n\/Muerte:<\/strong> 22-09-1973<\/p><p><strong>Ocupaci\u00f3n:<\/strong> COMERCIANTE<\/p><p><strong>Edad:<\/strong> 27<\/p>\n<hr class=\"wp-block-separator has-text-color has-white-color has-alpha-channel-opacity has-white-background-color has-background is-style-default\"\/>\tEl d\u00eda 22 de septiembre H\u00e9ctor Jaime NU\u00d1EZ MU\u00d1OZ, de 27 a\u00f1os de edad, comerciante, se present\u00f3 en forma voluntaria a Carabineros de Santa B\u00e1rbara.  Previamente hab\u00eda sido citado para que presentara sus documentos ya que se encontraba de paso en esa localidad.  En este recinto policial se le inform\u00f3 a la familia que hab\u00eda quedado en libertad de inmediato.  Desde la fecha de su presentaci\u00f3n nada se sabe de su paradero y suerte.\r\n\r\nPor los antecedentes reunidos esta Comisi\u00f3n ha llegado a la convicci\u00f3n que H\u00e9ctor Jaime N\u00fa\u00f1ez fue v\u00edctima de violaci\u00f3n de los derechos humanos de responsabilidad de agentes del Estado, toda vez que las explicaciones de las autoridades policiales son contradictorias e inveros\u00edmiles y que desde la fecha de su desaparici\u00f3n no ha habido noticias de \u00e9l.\t","protected":false},"excerpt":{"rendered":"<p>\tH\u00e9ctor Jaime N\u00fa\u00f1ez Mu\u00f1oz, 27 a\u00f1os, comerciante. Detenido desaparecido desde el 22 de septiembre de 1973 en San B\u00e1rbara.\t &hellip; <a href=\"https:\/\/interactivos.museodelamemoria.cl\/victims\/?p=553\" class=\"more-link\"><span class=\"readmore\">Averigua m\u00e1s acerca de esta v\u00edctima&#8230;<span class=\"screen-reader-text\">NU\u00d1EZ MU\u00d1OZ HECTOR JAIME<\/span><\/span><\/a><\/p>\n","protected":false},"author":1,"featured_media":0,"comment_status":"open","ping_status":"open","sticky":false,"template":"","format":"standard","meta":{"footnotes":""},"categories":[6],"tags":[],"class_list":["post-553","post","type-post","status-publish","format-standard","hentry","category-detenido-desaparecido"],"_links":{"self":[{"href":"https:\/\/interactivos.museodelamemoria.cl\/victims\/index.php?rest_route=\/wp\/v2\/posts\/553"}],"collection":[{"href":"https:\/\/interactivos.museodelamemoria.cl\/victims\/index.php?rest_route=\/wp\/v2\/posts"}],"about":[{"href":"https:\/\/interactivos.museodelamemoria.cl\/victims\/index.php?rest_route=\/wp\/v2\/types\/post"}],"author":[{"embeddable":true,"href":"https:\/\/interactivos.museodelamemoria.cl\/victims\/index.php?rest_route=\/wp\/v2\/users\/1"}],"replies":[{"embeddable":true,"href":"https:\/\/interactivos.museodelamemoria.cl\/victims\/index.php?rest_route=%2Fwp%2Fv2%2Fcomments&post=553"}],"version-history":[{"count":0,"href":"https:\/\/interactivos.museodelamemoria.cl\/victims\/index.php?rest_route=\/wp\/v2\/posts\/553\/revisions"}],"wp:attachment":[{"href":"https:\/\/interactivos.museodelamemoria.cl\/victims\/index.php?rest_route=%2Fwp%2Fv2%2Fmedia&parent=553"}],"wp:term":[{"taxonomy":"category","embeddable":true,"href":"https:\/\/interactivos.museodelamemoria.cl\/victims\/index.php?rest_route=%2Fwp%2Fv2%2Fcategories&post=553"},{"taxonomy":"post_tag","embeddable":true,"href":"https:\/\/interactivos.museodelamemoria.cl\/victims\/index.php?rest_route=%2Fwp%2Fv2%2Ftags&post=553"}],"curies":[{"name":"wp","href":"https:\/\/api.w.org\/{rel}","templated":true}]}}