{"id":596,"date":"2013-04-01T00:00:00","date_gmt":"2013-04-01T00:00:00","guid":{"rendered":""},"modified":"2013-04-01T00:00:00","modified_gmt":"2013-04-01T00:00:00","slug":"victima-1","status":"publish","type":"post","link":"https:\/\/interactivos.museodelamemoria.cl\/victims\/?p=596","title":{"rendered":"POBLETE HORMAZABAL CARLOS ABEL"},"content":{"rendered":"<hr class=\"wp-block-separator has-text-color has-white-color has-alpha-channel-opacity has-white-background-color has-background is-style-default\"\/><p><strong>Instancia Calificadora:<\/strong> CNRR violaci\u00f3n de DDHH<\/p><p><strong>Militancia:<\/strong> Sin Militancia<\/p><p><strong>Regi\u00f3n:<\/strong> RM Metropolitana<\/p><p><strong>Ciudad:<\/strong> SANTIAGO<\/p><p><strong>Comuna:<\/strong> <\/p><p><strong>Fecha Detenci\u00f3n\/Muerte:<\/strong> 16-10-1973<\/p><p><strong>Ocupaci\u00f3n:<\/strong> ESTUDIANTE<\/p><p><strong>Edad:<\/strong> 17<\/p>\n<hr class=\"wp-block-separator has-text-color has-white-color has-alpha-channel-opacity has-white-background-color has-background is-style-default\"\/>\tCarlos Abel Poblete Hormaz\u00e1bal muri\u00f3 ese d\u00eda a la 1:10 horas, en la v\u00eda p\u00fablica, por heridas de bala cr\u00e1neo encef\u00e1licas y tor\u00e1cicas, como acredita el Certificado M\u00e9dico de Defunci\u00f3n del Instituto M\u00e9dico Legal.  \r\n\r\nDe acuerdo con lo declarado por familiares, despu\u00e9s que se efectuara un operativo militar en el sector donde \u00e9l viv\u00eda -poblaci\u00f3n Nueva Guanaco, ubicada en la comuna de Conchal\u00ed- y se detuviera a varios hombres, detectives de la Tercera Comisar\u00eda Judicial de Conchal\u00ed lo arrestaron, alrededor de las 23:00 horas del 15 de octubre de 1973, y lo condujeron con destino desconocido.  Al d\u00eda siguiente, vecinos informaron a la familia que el cuerpo de Carlos Poblete estaba tirado en la Plaza Chacabuco.  Al llegar al lugar, los restos ya hab\u00edan sido levantados y remitidos al Instituto M\u00e9dico Legal, donde, d\u00edas m\u00e1s tarde, familiares efectuaron el reconocimiento de rigor.\r\n\r\nConsiderando los antecedentes reunidos y la investigaci\u00f3n realizada, el Consejo Superior lleg\u00f3 a la convicci\u00f3n de que Carlos Abel Poblete Hormaz\u00e1bal fue ejecutado por agentes del Estado al margen de proceso legal, estando detenido.  Por tal motivo, lo declar\u00f3 v\u00edctima de violaci\u00f3n de derechos humanos.\t","protected":false},"excerpt":{"rendered":"<p>\tCarlos Abel Poblete Hormaz\u00e1bal, 17 a\u00f1os, estudiante. Muerto el 16 de octubre de 1973 en Santiago.\t &hellip; <a href=\"https:\/\/interactivos.museodelamemoria.cl\/victims\/?p=596\" class=\"more-link\"><span class=\"readmore\">Averigua m\u00e1s acerca de esta v\u00edctima&#8230;<span class=\"screen-reader-text\">POBLETE HORMAZABAL CARLOS ABEL<\/span><\/span><\/a><\/p>\n","protected":false},"author":1,"featured_media":0,"comment_status":"open","ping_status":"open","sticky":false,"template":"","format":"standard","meta":{"footnotes":""},"categories":[5],"tags":[],"class_list":["post-596","post","type-post","status-publish","format-standard","hentry","category-ejecutado-politico"],"_links":{"self":[{"href":"https:\/\/interactivos.museodelamemoria.cl\/victims\/index.php?rest_route=\/wp\/v2\/posts\/596"}],"collection":[{"href":"https:\/\/interactivos.museodelamemoria.cl\/victims\/index.php?rest_route=\/wp\/v2\/posts"}],"about":[{"href":"https:\/\/interactivos.museodelamemoria.cl\/victims\/index.php?rest_route=\/wp\/v2\/types\/post"}],"author":[{"embeddable":true,"href":"https:\/\/interactivos.museodelamemoria.cl\/victims\/index.php?rest_route=\/wp\/v2\/users\/1"}],"replies":[{"embeddable":true,"href":"https:\/\/interactivos.museodelamemoria.cl\/victims\/index.php?rest_route=%2Fwp%2Fv2%2Fcomments&post=596"}],"version-history":[{"count":0,"href":"https:\/\/interactivos.museodelamemoria.cl\/victims\/index.php?rest_route=\/wp\/v2\/posts\/596\/revisions"}],"wp:attachment":[{"href":"https:\/\/interactivos.museodelamemoria.cl\/victims\/index.php?rest_route=%2Fwp%2Fv2%2Fmedia&parent=596"}],"wp:term":[{"taxonomy":"category","embeddable":true,"href":"https:\/\/interactivos.museodelamemoria.cl\/victims\/index.php?rest_route=%2Fwp%2Fv2%2Fcategories&post=596"},{"taxonomy":"post_tag","embeddable":true,"href":"https:\/\/interactivos.museodelamemoria.cl\/victims\/index.php?rest_route=%2Fwp%2Fv2%2Ftags&post=596"}],"curies":[{"name":"wp","href":"https:\/\/api.w.org\/{rel}","templated":true}]}}