{"id":622,"date":"2013-04-01T00:00:00","date_gmt":"2013-04-01T00:00:00","guid":{"rendered":""},"modified":"2013-04-01T00:00:00","modified_gmt":"2013-04-01T00:00:00","slug":"victima-1","status":"publish","type":"post","link":"https:\/\/interactivos.museodelamemoria.cl\/victims\/?p=622","title":{"rendered":"PI\u00d1A ARRATIA CECILIA ADELAIDA"},"content":{"rendered":"<hr class=\"wp-block-separator has-text-color has-white-color has-alpha-channel-opacity has-white-background-color has-background is-style-default\"\/><p><strong>Instancia Calificadora:<\/strong> CVR violaci\u00f3n de DDHH<\/p><p><strong>Militancia:<\/strong> Sin Militancia<\/p><p><strong>Regi\u00f3n:<\/strong> RM Metropolitana<\/p><p><strong>Ciudad:<\/strong> SANTIAGO<\/p><p><strong>Comuna:<\/strong> SAN MIGUEL<\/p><p><strong>Fecha Detenci\u00f3n\/Muerte:<\/strong> 11-09-1986<\/p><p><strong>Ocupaci\u00f3n:<\/strong> OPERARIA TALLER TEXTIL<\/p><p><strong>Edad:<\/strong> 22<\/p>\n<hr class=\"wp-block-separator has-text-color has-white-color has-alpha-channel-opacity has-white-background-color has-background is-style-default\"\/>\tEl 11 de septiembre de 1986 muri\u00f3 Cecilia ADELAIDA PI\u00d1A ARRATIA, de 22 a\u00f1os, quien se desempe\u00f1aba como operaria en un taller textil.  Por la noche, en la poblaci\u00f3n La Victoria (Santiago), se encontraba en la v\u00eda p\u00fablica cuando fue mortalmente herida por una bala disparada por civiles que se movilizaban en un autom\u00f3vil particular.  \r\n\r\nLos testimonios y antecedentes conocidos por la Comisi\u00f3n dan cuenta de que en el mismo contexto, aparte de los disparos contra la afectada, hab\u00eda estallado un artefacto explosivo y Carabineros lleg\u00f3 hasta el lugar enfrent\u00e1ndose a tiros contra desconocidos.  Con todo, coinciden en que los disparos contra Cecilia Pi\u00f1a fueron realizados previa o simult\u00e1neamente por los ocupantes del veh\u00edculo particular.  No hay antecedentes de que existieran manifestaciones en el lugar, pero es presumible que la acci\u00f3n de disparar un arma de fuego en el contexto de la detonaci\u00f3n de un artefacto explosivo y en la fecha 11 de septiembre (de clara connotaci\u00f3n pol\u00edtica), fue realizada bajo una motivaci\u00f3n pol\u00edtica.\r\n\r\nEn atenci\u00f3n a estos elementos a la Comisi\u00f3n le asiste la convicci\u00f3n que Cecilia Adelaida Pi\u00f1a fue v\u00edctima de violaci\u00f3n a los derechos humanos cometida por particulares bajo pretexto pol\u00edtico.\t","protected":false},"excerpt":{"rendered":"<p>\tCecilia Adelaida Pi\u00f1a Arratia, 22 a\u00f1os, operaria en un taller textil. Muerta el 11 de septiembre de 1986 en Santiago.\t &hellip; <a href=\"https:\/\/interactivos.museodelamemoria.cl\/victims\/?p=622\" class=\"more-link\"><span class=\"readmore\">Averigua m\u00e1s acerca de esta v\u00edctima&#8230;<span class=\"screen-reader-text\">PI\u00d1A ARRATIA CECILIA ADELAIDA<\/span><\/span><\/a><\/p>\n","protected":false},"author":1,"featured_media":0,"comment_status":"open","ping_status":"open","sticky":false,"template":"","format":"standard","meta":{"footnotes":""},"categories":[5],"tags":[],"class_list":["post-622","post","type-post","status-publish","format-standard","hentry","category-ejecutado-politico"],"_links":{"self":[{"href":"https:\/\/interactivos.museodelamemoria.cl\/victims\/index.php?rest_route=\/wp\/v2\/posts\/622"}],"collection":[{"href":"https:\/\/interactivos.museodelamemoria.cl\/victims\/index.php?rest_route=\/wp\/v2\/posts"}],"about":[{"href":"https:\/\/interactivos.museodelamemoria.cl\/victims\/index.php?rest_route=\/wp\/v2\/types\/post"}],"author":[{"embeddable":true,"href":"https:\/\/interactivos.museodelamemoria.cl\/victims\/index.php?rest_route=\/wp\/v2\/users\/1"}],"replies":[{"embeddable":true,"href":"https:\/\/interactivos.museodelamemoria.cl\/victims\/index.php?rest_route=%2Fwp%2Fv2%2Fcomments&post=622"}],"version-history":[{"count":0,"href":"https:\/\/interactivos.museodelamemoria.cl\/victims\/index.php?rest_route=\/wp\/v2\/posts\/622\/revisions"}],"wp:attachment":[{"href":"https:\/\/interactivos.museodelamemoria.cl\/victims\/index.php?rest_route=%2Fwp%2Fv2%2Fmedia&parent=622"}],"wp:term":[{"taxonomy":"category","embeddable":true,"href":"https:\/\/interactivos.museodelamemoria.cl\/victims\/index.php?rest_route=%2Fwp%2Fv2%2Fcategories&post=622"},{"taxonomy":"post_tag","embeddable":true,"href":"https:\/\/interactivos.museodelamemoria.cl\/victims\/index.php?rest_route=%2Fwp%2Fv2%2Ftags&post=622"}],"curies":[{"name":"wp","href":"https:\/\/api.w.org\/{rel}","templated":true}]}}