{"id":644,"date":"2013-04-01T00:00:00","date_gmt":"2013-04-01T00:00:00","guid":{"rendered":""},"modified":"2013-04-01T00:00:00","modified_gmt":"2013-04-01T00:00:00","slug":"victima-1","status":"publish","type":"post","link":"https:\/\/interactivos.museodelamemoria.cl\/victims\/?p=644","title":{"rendered":"JORQUERA GALVEZ JOSE MIGUEL"},"content":{"rendered":"<hr class=\"wp-block-separator has-text-color has-white-color has-alpha-channel-opacity has-white-background-color has-background is-style-default\"\/><p><strong>Instancia Calificadora:<\/strong> CVR violaci\u00f3n de DDHH<\/p><p><strong>Militancia:<\/strong> Sin Militancia<\/p><p><strong>Regi\u00f3n:<\/strong> V Valpara\u00edso<\/p><p><strong>Ciudad:<\/strong> CABILDO<\/p><p><strong>Comuna:<\/strong> CABILDO<\/p><p><strong>Fecha Detenci\u00f3n\/Muerte:<\/strong> 15-11-1983<\/p><p><strong>Ocupaci\u00f3n:<\/strong> CARABINERO<\/p><p><strong>Edad:<\/strong> 26<\/p>\n<hr class=\"wp-block-separator has-text-color has-white-color has-alpha-channel-opacity has-white-background-color has-background is-style-default\"\/>\tEl 15 de noviembre de 1983 fue muerto Jos\u00e9 Miguel JORQUERA GALVEZ, de 26 a\u00f1os de edad, Carabinero destacado en la Tenencia de Petorca.\r\n\r\nEn la ma\u00f1ana de ese d\u00eda el afectado cumpl\u00eda labores de escolta de valores del Servicio de Seguro Social en Quillota, acompa\u00f1ado de dos funcionarios del citado Servicio.  Encontr\u00e1ndose a la entrada del t\u00fanel La Grupa, fue interceptado el veh\u00edculo en que viajaba por otro, en el que lo hac\u00eda un grupo de individuos pertenecientes al Movimiento de Izquierda Revolucionaria (MIR).  Estos, despu\u00e9s de sustraer cuatro millones de pesos, dispararon contra el funcionario policial, quien falleci\u00f3 durante la noche del mismo d\u00eda en el Hospital de Cabildo.  Los autores del hecho sustrajeron el arma de servicio del funcionario y el veh\u00edculo estatal.  \r\n\r\nEl certificado de defunci\u00f3n se\u00f1al\u00f3 como causa de la muerte la herida de bala con explosi\u00f3n de cr\u00e1neo.\r\n\r\nLa Comisi\u00f3n ha llegado a la convicci\u00f3n que el carabinero Jos\u00e9 Miguel Jorquera fue muerto por militantes del Movimiento de Izquierda Revolucionaria (MIR), en un acto que viol\u00f3 su derecho a la vida.\t","protected":false},"excerpt":{"rendered":"<p>\tJos\u00e9 Miguel Jorquera G\u00e1lvez, 26 a\u00f1os, Carabinero de la Tenencia de Petorca.<br \/>\nMuerto el 15 de noviembre de 1983 en Cabildo.\t &hellip; <a href=\"https:\/\/interactivos.museodelamemoria.cl\/victims\/?p=644\" class=\"more-link\"><span class=\"readmore\">Averigua m\u00e1s acerca de esta v\u00edctima&#8230;<span class=\"screen-reader-text\">JORQUERA GALVEZ JOSE MIGUEL<\/span><\/span><\/a><\/p>\n","protected":false},"author":1,"featured_media":0,"comment_status":"open","ping_status":"open","sticky":false,"template":"","format":"standard","meta":{"footnotes":""},"categories":[5],"tags":[],"class_list":["post-644","post","type-post","status-publish","format-standard","hentry","category-ejecutado-politico"],"_links":{"self":[{"href":"https:\/\/interactivos.museodelamemoria.cl\/victims\/index.php?rest_route=\/wp\/v2\/posts\/644"}],"collection":[{"href":"https:\/\/interactivos.museodelamemoria.cl\/victims\/index.php?rest_route=\/wp\/v2\/posts"}],"about":[{"href":"https:\/\/interactivos.museodelamemoria.cl\/victims\/index.php?rest_route=\/wp\/v2\/types\/post"}],"author":[{"embeddable":true,"href":"https:\/\/interactivos.museodelamemoria.cl\/victims\/index.php?rest_route=\/wp\/v2\/users\/1"}],"replies":[{"embeddable":true,"href":"https:\/\/interactivos.museodelamemoria.cl\/victims\/index.php?rest_route=%2Fwp%2Fv2%2Fcomments&post=644"}],"version-history":[{"count":0,"href":"https:\/\/interactivos.museodelamemoria.cl\/victims\/index.php?rest_route=\/wp\/v2\/posts\/644\/revisions"}],"wp:attachment":[{"href":"https:\/\/interactivos.museodelamemoria.cl\/victims\/index.php?rest_route=%2Fwp%2Fv2%2Fmedia&parent=644"}],"wp:term":[{"taxonomy":"category","embeddable":true,"href":"https:\/\/interactivos.museodelamemoria.cl\/victims\/index.php?rest_route=%2Fwp%2Fv2%2Fcategories&post=644"},{"taxonomy":"post_tag","embeddable":true,"href":"https:\/\/interactivos.museodelamemoria.cl\/victims\/index.php?rest_route=%2Fwp%2Fv2%2Ftags&post=644"}],"curies":[{"name":"wp","href":"https:\/\/api.w.org\/{rel}","templated":true}]}}