{"id":648,"date":"2013-04-01T00:00:00","date_gmt":"2013-04-01T00:00:00","guid":{"rendered":""},"modified":"2013-04-01T00:00:00","modified_gmt":"2013-04-01T00:00:00","slug":"victima-1","status":"publish","type":"post","link":"https:\/\/interactivos.museodelamemoria.cl\/victims\/?p=648","title":{"rendered":"ROBLES PANTOJA ROBERTO ATZEL"},"content":{"rendered":"<hr class=\"wp-block-separator has-text-color has-white-color has-alpha-channel-opacity has-white-background-color has-background is-style-default\"\/><p><strong>Instancia Calificadora:<\/strong> CNRR violaci\u00f3n de DDHH<\/p><p><strong>Militancia:<\/strong> PS<\/p><p><strong>Regi\u00f3n:<\/strong> RM Metropolitana<\/p><p><strong>Ciudad:<\/strong> SANTIAGO<\/p><p><strong>Comuna:<\/strong> SAN MIGUEL<\/p><p><strong>Fecha Detenci\u00f3n\/Muerte:<\/strong> 11-09-1973<\/p><p><strong>Ocupaci\u00f3n:<\/strong> OBRERO TEXTIL SUMAR<\/p><p><strong>Edad:<\/strong> 38<\/p>\n<hr class=\"wp-block-separator has-text-color has-white-color has-alpha-channel-opacity has-white-background-color has-background is-style-default\"\/>\tRoberto Atzel Robles Pantoja muri\u00f3 ese d\u00eda, por herida de bala en el t\u00f3rax, en la v\u00eda p\u00fablica. No obstante ello, en el Certificado M\u00e9dico de Defunci\u00f3n del Instituto M\u00e9dico Legal se consigna que muri\u00f3 el 12 de septiembre de 1973 a las 18:00 horas, en el Hospital Barros Luco. \r\n \r\nSeg\u00fan lo declarado por un testigo sobreviviente, alrededor de las 18:00 horas del d\u00eda 11 de septiembre de 1973, en momentos en que se iniciaba el toque de queda, el testigo, Roberto Robles y otros dos compa\u00f1eros de trabajo de la industria textil Sumar decidieron regresar a pie a sus domicilios. En ese intento, mientras caminaban cerca de la Tenencia de Carabineros ubicada en calle San Joaqu\u00edn, en ese entonces comuna de San Miguel, funcionarios de Carabineros que se encontraban en ese lugar, sin advertencia alguna, les dispararon, por lo que comenzaron a correr.  \r\n\r\nRoberto Robles cay\u00f3 herido y mientras se encontraba en esa posici\u00f3n, de acuerdo a lo declarado por el testigo, uno de los uniformados le dispar\u00f3 otro tiro. El Protocolo de Autopsia, coincidente con esta narraci\u00f3n, consigna que la herida de bala que le caus\u00f3 la muerte es \u00abde arriba hacia abajo\u00bb. \r\n\r\nEl testigo tambi\u00e9n afirm\u00f3 que Roberto Rojas muri\u00f3 en el mismo lugar, donde permaneci\u00f3 hasta el d\u00eda siguiente, cuando lo volvi\u00f3 a ver y comprob\u00f3 que ten\u00eda se\u00f1ales de disparos en el cuerpo. Concordante con el testigo, el Protocolo de Autopsia concluye que los disparos que recibi\u00f3 Roberto Rojas eran \u00abnecesariamente mortales\u00bb. \r\n\r\nConsiderando los antecedentes reunidos y la investigaci\u00f3n realizada, el Consejo Superior, teniendo presente la \u00e9poca y el lugar del fallecimiento, lleg\u00f3 a la convicci\u00f3n de que Roberto Atzel Robles Pantoja muri\u00f3 como consecuencia del uso irracional de la fuerza por agentes del Estado. Por tal raz\u00f3n, lo declar\u00f3 v\u00edctima de violaci\u00f3n de derechos humanos.\t","protected":false},"excerpt":{"rendered":"<p>\tRoberto Atzel Robles Pantoja, 38 a\u00f1os,  obrero y dirigente sindical. Muerto el 11 de septiembre de 1973 en Santiago.\t &hellip; <a href=\"https:\/\/interactivos.museodelamemoria.cl\/victims\/?p=648\" class=\"more-link\"><span class=\"readmore\">Averigua m\u00e1s acerca de esta v\u00edctima&#8230;<span class=\"screen-reader-text\">ROBLES PANTOJA ROBERTO ATZEL<\/span><\/span><\/a><\/p>\n","protected":false},"author":1,"featured_media":0,"comment_status":"open","ping_status":"open","sticky":false,"template":"","format":"standard","meta":{"footnotes":""},"categories":[5],"tags":[],"class_list":["post-648","post","type-post","status-publish","format-standard","hentry","category-ejecutado-politico"],"_links":{"self":[{"href":"https:\/\/interactivos.museodelamemoria.cl\/victims\/index.php?rest_route=\/wp\/v2\/posts\/648"}],"collection":[{"href":"https:\/\/interactivos.museodelamemoria.cl\/victims\/index.php?rest_route=\/wp\/v2\/posts"}],"about":[{"href":"https:\/\/interactivos.museodelamemoria.cl\/victims\/index.php?rest_route=\/wp\/v2\/types\/post"}],"author":[{"embeddable":true,"href":"https:\/\/interactivos.museodelamemoria.cl\/victims\/index.php?rest_route=\/wp\/v2\/users\/1"}],"replies":[{"embeddable":true,"href":"https:\/\/interactivos.museodelamemoria.cl\/victims\/index.php?rest_route=%2Fwp%2Fv2%2Fcomments&post=648"}],"version-history":[{"count":0,"href":"https:\/\/interactivos.museodelamemoria.cl\/victims\/index.php?rest_route=\/wp\/v2\/posts\/648\/revisions"}],"wp:attachment":[{"href":"https:\/\/interactivos.museodelamemoria.cl\/victims\/index.php?rest_route=%2Fwp%2Fv2%2Fmedia&parent=648"}],"wp:term":[{"taxonomy":"category","embeddable":true,"href":"https:\/\/interactivos.museodelamemoria.cl\/victims\/index.php?rest_route=%2Fwp%2Fv2%2Fcategories&post=648"},{"taxonomy":"post_tag","embeddable":true,"href":"https:\/\/interactivos.museodelamemoria.cl\/victims\/index.php?rest_route=%2Fwp%2Fv2%2Ftags&post=648"}],"curies":[{"name":"wp","href":"https:\/\/api.w.org\/{rel}","templated":true}]}}