{"id":771,"date":"2013-04-01T00:00:00","date_gmt":"2013-04-01T00:00:00","guid":{"rendered":""},"modified":"2013-04-01T00:00:00","modified_gmt":"2013-04-01T00:00:00","slug":"victima-1","status":"publish","type":"post","link":"https:\/\/interactivos.museodelamemoria.cl\/victims\/?p=771","title":{"rendered":"ZALAZAR ARRUE JUAN CARLOS"},"content":{"rendered":"<hr class=\"wp-block-separator has-text-color has-white-color has-alpha-channel-opacity has-white-background-color has-background is-style-default\"\/><p><strong>Instancia Calificadora:<\/strong> CVR violaci\u00f3n de DDHH<\/p><p><strong>Militancia:<\/strong> Sin Militancia<\/p><p><strong>Regi\u00f3n:<\/strong> RM Metropolitana<\/p><p><strong>Ciudad:<\/strong> SANTIAGO<\/p><p><strong>Comuna:<\/strong> QUINTA NORMAL<\/p><p><strong>Fecha Detenci\u00f3n\/Muerte:<\/strong> 11-08-1983<\/p><p><strong>Ocupaci\u00f3n:<\/strong> CERRAJERO<\/p><p><strong>Edad:<\/strong> 27<\/p>\n<hr class=\"wp-block-separator has-text-color has-white-color has-alpha-channel-opacity has-white-background-color has-background is-style-default\"\/>\tLos d\u00edas 11 y 12 de agosto de 1983 se llev\u00f3 a cabo la Cuarta Jornada de Protesta Nacional.  En ese marco se produjeron veinticinco muertes.  Tres ocurrieron en Regiones y las restantes en la capital.\r\n\r\nEn esta ocasi\u00f3n, seg\u00fan informaciones oficiales 18 mil soldados se hicieron cargo del orden p\u00fablico en toda la capital, junto a Carabineros e Investigaciones.  Hubo toque de queda desde las 18:30 horas del d\u00eda 11.  Los testimonios recibidos con car\u00e1cter general dan cuenta de la forma de actuar de los militares, los que hicieron uso de armas de fuego en forma frecuente.  Los efectivos militares se excedieron con a menudo en el uso de la fuerza, al enfrentar los des\u00f3rdenes exclusivamente con armas de fuego y sin contar con la experiencia policial en el control del orden p\u00fablico.  Este exceso se reflej\u00f3 en la cantidad de v\u00edctimas.  \r\n\r\n Eliseo Enrique PIZARRO ROJAS, de 50 a\u00f1os de edad, trabajador del Programa de Empleo M\u00ednimo (PEM), y Lina Dora del Carmen GARAY TOBAR, de 44 a\u00f1os de edad, due\u00f1a de casa, fallecieron en id\u00e9nticas circunstancias.  El 11 por la noche ambos fueron mortalmente heridos por balas que atravesaron las paredes de material ligero de sus hogares, en la poblaci\u00f3n Monted\u00f3nico (Valpara\u00edso), cuando se produjo un incidente al intervenir uniformados en el control del orden p\u00fablico, haciendo disparos con armas de fuego.  \r\n\r\nLa Comisi\u00f3n, dado el contexto de la Cuarta Jornada de Protesta, adem\u00e1s de los testimonios recibidos sobre la actuaci\u00f3n de agentes del Estado en este caso, presume que hubo un uso excesivo de la fuerza, viol\u00e1ndose los derechos humanos de Eliseo Enrique Pizarro y Lina Dora del Carmen Garay.\r\n\r\nJuan Carlos ZALAZAR ARRUE, de 27 a\u00f1os de edad, cerrajero, fue muerto la noche del d\u00eda 11, a causa de un traumatismo tor\u00e1cico por bala.  \r\n\r\nEl hecho ocurri\u00f3 en v\u00eda p\u00fablica (Santiago), junto al domicilio del afectado.  De acuerdo a diversos testimonios conocidos por la Comisi\u00f3n, en el lugar se escuchaban disparos de armas de fuego.  Ej\u00e9rcito, Carabineros e Investigaciones se ocupaban del orden p\u00fablico en el sector.  Un testigo vio a un integrante de una patrulla militar realizar disparos al aire un rato antes de los hechos fatales.  En conformidad a los antecedentes reunidos no es posible determinar el origen exacto de la bala que caus\u00f3 la muerte.   \r\n\r\nPor los antecedentes expuestos y lo dicho sobre el contexto general de la protesta, esta Comisi\u00f3n presume que el disparo provino de agentes del Estado, y que tales agentes hicieron uso excesivo o innecesario de la fuerza; de esta manera se viol\u00f3 el derecho a la vida de Juan Carlos Zalazar.  \r\n\r\nJos\u00e9 Sergio OSORIO VERA, de 27 a\u00f1os de edad, comerciante, Suboficial en retiro del Ej\u00e9rcito, fue ejecutado la noche del 11 de agosto de 1983, por personal militar que custodiaba   desde el d\u00eda anterior   la Villa La Reina (Santiago).  La v\u00edctima decidi\u00f3 solicitar a los militares que hicieran cesar el ruido de las cacerolas que golpeaban los vecinos.  Al llamar a uno de los soldados, \u00e9ste le orden\u00f3 salir de la casa y lo oblig\u00f3 a levantar las manos.  Se acercaron otros uniformados y lo hicieron caminar.  En ese instante se acerc\u00f3 un Cabo de Ej\u00e9rcito y le dispar\u00f3 por la espalda.  Fue trasladado por los mismos militares al Hospital Institucional, donde ingres\u00f3 muerto.  \r\n\r\nLos testimonios y antecedentes conocidos, llevan a esta Comisi\u00f3n a formarse la convicci\u00f3n que agentes del Estado dieron muerte a Jos\u00e9 Sergio Osorio, violando gravemente sus derechos humanos.\t","protected":false},"excerpt":{"rendered":"<p>\tJuan Carlos Zalazar Arrue, 27 a\u00f1os,  cerrajero. Muerto el 11 de agosto de 1983 en Santiago.\t &hellip; <a href=\"https:\/\/interactivos.museodelamemoria.cl\/victims\/?p=771\" class=\"more-link\"><span class=\"readmore\">Averigua m\u00e1s acerca de esta v\u00edctima&#8230;<span class=\"screen-reader-text\">ZALAZAR ARRUE JUAN CARLOS<\/span><\/span><\/a><\/p>\n","protected":false},"author":1,"featured_media":0,"comment_status":"open","ping_status":"open","sticky":false,"template":"","format":"standard","meta":{"footnotes":""},"categories":[5],"tags":[],"class_list":["post-771","post","type-post","status-publish","format-standard","hentry","category-ejecutado-politico"],"_links":{"self":[{"href":"https:\/\/interactivos.museodelamemoria.cl\/victims\/index.php?rest_route=\/wp\/v2\/posts\/771"}],"collection":[{"href":"https:\/\/interactivos.museodelamemoria.cl\/victims\/index.php?rest_route=\/wp\/v2\/posts"}],"about":[{"href":"https:\/\/interactivos.museodelamemoria.cl\/victims\/index.php?rest_route=\/wp\/v2\/types\/post"}],"author":[{"embeddable":true,"href":"https:\/\/interactivos.museodelamemoria.cl\/victims\/index.php?rest_route=\/wp\/v2\/users\/1"}],"replies":[{"embeddable":true,"href":"https:\/\/interactivos.museodelamemoria.cl\/victims\/index.php?rest_route=%2Fwp%2Fv2%2Fcomments&post=771"}],"version-history":[{"count":0,"href":"https:\/\/interactivos.museodelamemoria.cl\/victims\/index.php?rest_route=\/wp\/v2\/posts\/771\/revisions"}],"wp:attachment":[{"href":"https:\/\/interactivos.museodelamemoria.cl\/victims\/index.php?rest_route=%2Fwp%2Fv2%2Fmedia&parent=771"}],"wp:term":[{"taxonomy":"category","embeddable":true,"href":"https:\/\/interactivos.museodelamemoria.cl\/victims\/index.php?rest_route=%2Fwp%2Fv2%2Fcategories&post=771"},{"taxonomy":"post_tag","embeddable":true,"href":"https:\/\/interactivos.museodelamemoria.cl\/victims\/index.php?rest_route=%2Fwp%2Fv2%2Ftags&post=771"}],"curies":[{"name":"wp","href":"https:\/\/api.w.org\/{rel}","templated":true}]}}