{"id":777,"date":"2013-04-01T00:00:00","date_gmt":"2013-04-01T00:00:00","guid":{"rendered":""},"modified":"2013-04-01T00:00:00","modified_gmt":"2013-04-01T00:00:00","slug":"victima-1","status":"publish","type":"post","link":"https:\/\/interactivos.museodelamemoria.cl\/victims\/?p=777","title":{"rendered":"VILLAFRANCA VERA JAIME EDISON"},"content":{"rendered":"<hr class=\"wp-block-separator has-text-color has-white-color has-alpha-channel-opacity has-white-background-color has-background is-style-default\"\/><p><strong>Instancia Calificadora:<\/strong> CNRR violaci\u00f3n de DDHH<\/p><p><strong>Militancia:<\/strong> Sin Militancia<\/p><p><strong>Regi\u00f3n:<\/strong> VI O`Higgins<\/p><p><strong>Ciudad:<\/strong> SAN FERNANDO<\/p><p><strong>Comuna:<\/strong> SAN FERNANDO<\/p><p><strong>Fecha Detenci\u00f3n\/Muerte:<\/strong> 26-07-1975<\/p><p><strong>Ocupaci\u00f3n:<\/strong> <\/p><p><strong>Edad:<\/strong> 31<\/p>\n<hr class=\"wp-block-separator has-text-color has-white-color has-alpha-channel-opacity has-white-background-color has-background is-style-default\"\/>\tJaime Edison Villafranca Vera muri\u00f3 ese d\u00eda en el Regimiento Colchagua de San Fernando, por una anemia aguda provocada por hemorragia por herida de bala tor\u00e1cico abdominal con ruptura del h\u00edgado y coraz\u00f3n, seg\u00fan consigna el Certificado de Defunci\u00f3n. \r\n\r\nDe acuerdo con lo relatado a la familia por un testigo, Jaime Villafranca y un amigo fueron detenidos el 25 de julio por militares de civil y trasladados al Regimiento Colchagua, donde se les someti\u00f3 a interrogatorios y torturas en relaci\u00f3n a una bandera nacional que hab\u00eda sido quemada en la Plaza de San Fernando.  En ese recinto y en presencia del otro detenido, recibi\u00f3 un impacto de bala que le caus\u00f3 la muerte.\r\n\r\nLa Jefatura de Zona en Estado de Sitio de Colchagua inform\u00f3 que Jaime Villafranca, en momentos de ser interrogado, se hab\u00eda abalanzado sobre uno de los centinelas, por lo que \u00e9ste habr\u00eda repelido la acci\u00f3n dispar\u00e1ndole.\r\n\r\nSin embargo, esta versi\u00f3n resulta inveros\u00edmil, trat\u00e1ndose de una persona desarmada que se encontraba detenida y, a\u00fan en el caso que ello hubiese ocurrido, exist\u00edan medios m\u00e1s racionales y menos violentos con los cuales el personal armado pudo haber reducido al detenido. \r\n\r\nConsiderando lo anterior y los antecedentes reunidos por esta Corporaci\u00f3n, el Consejo Superior lleg\u00f3 a la convicci\u00f3n de que Jaime Edison Villafranca Vera fue ejecutado por agentes del Estado, al margen de proceso legal, mientras se encontraba detenido, situaci\u00f3n constitutiva de una violaci\u00f3n de derechos humanos.\t","protected":false},"excerpt":{"rendered":"<p>\tJaime Edison Villafranca Vera, 31 a\u00f1os. Muerto el 26 de julio de 1975 en San Fernando.\t &hellip; <a href=\"https:\/\/interactivos.museodelamemoria.cl\/victims\/?p=777\" class=\"more-link\"><span class=\"readmore\">Averigua m\u00e1s acerca de esta v\u00edctima&#8230;<span class=\"screen-reader-text\">VILLAFRANCA VERA JAIME EDISON<\/span><\/span><\/a><\/p>\n","protected":false},"author":1,"featured_media":0,"comment_status":"open","ping_status":"open","sticky":false,"template":"","format":"standard","meta":{"footnotes":""},"categories":[5],"tags":[],"class_list":["post-777","post","type-post","status-publish","format-standard","hentry","category-ejecutado-politico"],"_links":{"self":[{"href":"https:\/\/interactivos.museodelamemoria.cl\/victims\/index.php?rest_route=\/wp\/v2\/posts\/777"}],"collection":[{"href":"https:\/\/interactivos.museodelamemoria.cl\/victims\/index.php?rest_route=\/wp\/v2\/posts"}],"about":[{"href":"https:\/\/interactivos.museodelamemoria.cl\/victims\/index.php?rest_route=\/wp\/v2\/types\/post"}],"author":[{"embeddable":true,"href":"https:\/\/interactivos.museodelamemoria.cl\/victims\/index.php?rest_route=\/wp\/v2\/users\/1"}],"replies":[{"embeddable":true,"href":"https:\/\/interactivos.museodelamemoria.cl\/victims\/index.php?rest_route=%2Fwp%2Fv2%2Fcomments&post=777"}],"version-history":[{"count":0,"href":"https:\/\/interactivos.museodelamemoria.cl\/victims\/index.php?rest_route=\/wp\/v2\/posts\/777\/revisions"}],"wp:attachment":[{"href":"https:\/\/interactivos.museodelamemoria.cl\/victims\/index.php?rest_route=%2Fwp%2Fv2%2Fmedia&parent=777"}],"wp:term":[{"taxonomy":"category","embeddable":true,"href":"https:\/\/interactivos.museodelamemoria.cl\/victims\/index.php?rest_route=%2Fwp%2Fv2%2Fcategories&post=777"},{"taxonomy":"post_tag","embeddable":true,"href":"https:\/\/interactivos.museodelamemoria.cl\/victims\/index.php?rest_route=%2Fwp%2Fv2%2Ftags&post=777"}],"curies":[{"name":"wp","href":"https:\/\/api.w.org\/{rel}","templated":true}]}}