{"id":779,"date":"2013-04-01T00:00:00","date_gmt":"2013-04-01T00:00:00","guid":{"rendered":""},"modified":"2013-04-01T00:00:00","modified_gmt":"2013-04-01T00:00:00","slug":"victima-1","status":"publish","type":"post","link":"https:\/\/interactivos.museodelamemoria.cl\/victims\/?p=779","title":{"rendered":"YEVENES APABLAZA ERNESTO ANTONIO"},"content":{"rendered":"<hr class=\"wp-block-separator has-text-color has-white-color has-alpha-channel-opacity has-white-background-color has-background is-style-default\"\/><p><strong>Instancia Calificadora:<\/strong> CVR violencia pol\u00edtica<\/p><p><strong>Militancia:<\/strong> Sin Militancia<\/p><p><strong>Regi\u00f3n:<\/strong> RM Metropolitana<\/p><p><strong>Ciudad:<\/strong> SANTIAGO<\/p><p><strong>Comuna:<\/strong> LO ESPEJO<\/p><p><strong>Fecha Detenci\u00f3n\/Muerte:<\/strong> 08-10-1973<\/p><p><strong>Ocupaci\u00f3n:<\/strong> OBRERO CONSTRUCCION<\/p><p><strong>Edad:<\/strong> 39<\/p>\n<hr class=\"wp-block-separator has-text-color has-white-color has-alpha-channel-opacity has-white-background-color has-background is-style-default\"\/>\tEl 8 de octubre de 1973 fue muerto Ernesto Antonio YEVENES APABLAZA, obrero.\r\n\r\nEl afectado se hab\u00eda retirado el d\u00eda anterior, a las 20:00 horas, del velorio de su madre, sin regresar a su propia casa.  El 29 de octubre sus familiares obtuvieron un certificado de defunci\u00f3n en que consta que hab\u00eda fallecido a las 6 horas del d\u00eda 8 de octubre de 1973 y que estaba enterrado en el Cementerio General.  Los familiares concurrieron al cementerio y se les certific\u00f3 que estaba sepultado en el patio 29.  Nunca han podido ver el cuerpo.\r\n\r\nDe acuerdo a lo se\u00f1alado en el protocolo de autopsia, la causa de muerte son heridas facio craneana cervical y tor\u00e1cica penetrante explicables por posible estallido de arma de fuego y que fue encontrado en las inmediaciones del Cementerio Metropolitano.  \r\n\r\nTeniendo presente que la muerte se produjo en horas de toque de queda, la causa de la muerte y el sitio en que su cuerpo fue hallado, esta Comisi\u00f3n ha adquirido la convicci\u00f3n que la muerte de Ernesto Y\u00e9venes Apablaza fue consecuencia de la violencia pol\u00edtica imperante a la \u00e9poca de los hechos.\t","protected":false},"excerpt":{"rendered":"<p>\tErnesto Antonio Y\u00e9venes Apablaza, 39 a\u00f1os, obrero. Muerto el 8 de octubre de 1973 en Santiago. \t &hellip; <a href=\"https:\/\/interactivos.museodelamemoria.cl\/victims\/?p=779\" class=\"more-link\"><span class=\"readmore\">Averigua m\u00e1s acerca de esta v\u00edctima&#8230;<span class=\"screen-reader-text\">YEVENES APABLAZA ERNESTO ANTONIO<\/span><\/span><\/a><\/p>\n","protected":false},"author":1,"featured_media":0,"comment_status":"open","ping_status":"open","sticky":false,"template":"","format":"standard","meta":{"footnotes":""},"categories":[5],"tags":[],"class_list":["post-779","post","type-post","status-publish","format-standard","hentry","category-ejecutado-politico"],"_links":{"self":[{"href":"https:\/\/interactivos.museodelamemoria.cl\/victims\/index.php?rest_route=\/wp\/v2\/posts\/779"}],"collection":[{"href":"https:\/\/interactivos.museodelamemoria.cl\/victims\/index.php?rest_route=\/wp\/v2\/posts"}],"about":[{"href":"https:\/\/interactivos.museodelamemoria.cl\/victims\/index.php?rest_route=\/wp\/v2\/types\/post"}],"author":[{"embeddable":true,"href":"https:\/\/interactivos.museodelamemoria.cl\/victims\/index.php?rest_route=\/wp\/v2\/users\/1"}],"replies":[{"embeddable":true,"href":"https:\/\/interactivos.museodelamemoria.cl\/victims\/index.php?rest_route=%2Fwp%2Fv2%2Fcomments&post=779"}],"version-history":[{"count":0,"href":"https:\/\/interactivos.museodelamemoria.cl\/victims\/index.php?rest_route=\/wp\/v2\/posts\/779\/revisions"}],"wp:attachment":[{"href":"https:\/\/interactivos.museodelamemoria.cl\/victims\/index.php?rest_route=%2Fwp%2Fv2%2Fmedia&parent=779"}],"wp:term":[{"taxonomy":"category","embeddable":true,"href":"https:\/\/interactivos.museodelamemoria.cl\/victims\/index.php?rest_route=%2Fwp%2Fv2%2Fcategories&post=779"},{"taxonomy":"post_tag","embeddable":true,"href":"https:\/\/interactivos.museodelamemoria.cl\/victims\/index.php?rest_route=%2Fwp%2Fv2%2Ftags&post=779"}],"curies":[{"name":"wp","href":"https:\/\/api.w.org\/{rel}","templated":true}]}}