{"id":789,"date":"2013-04-01T00:00:00","date_gmt":"2013-04-01T00:00:00","guid":{"rendered":""},"modified":"2013-04-01T00:00:00","modified_gmt":"2013-04-01T00:00:00","slug":"victima-1","status":"publish","type":"post","link":"https:\/\/interactivos.museodelamemoria.cl\/victims\/?p=789","title":{"rendered":"VILLARROEL DIAZ MAXIMO RAIMUNDO"},"content":{"rendered":"<hr class=\"wp-block-separator has-text-color has-white-color has-alpha-channel-opacity has-white-background-color has-background is-style-default\"\/><p><strong>Instancia Calificadora:<\/strong> CNRR violaci\u00f3n de DDHH<\/p><p><strong>Militancia:<\/strong> Sin Militancia<\/p><p><strong>Regi\u00f3n:<\/strong> RM Metropolitana<\/p><p><strong>Ciudad:<\/strong> SANTIAGO<\/p><p><strong>Comuna:<\/strong> PUDAHUEL<\/p><p><strong>Fecha Detenci\u00f3n\/Muerte:<\/strong> 05-09-1987<\/p><p><strong>Ocupaci\u00f3n:<\/strong> TALABARTERO<\/p><p><strong>Edad:<\/strong> 32<\/p>\n<hr class=\"wp-block-separator has-text-color has-white-color has-alpha-channel-opacity has-white-background-color has-background is-style-default\"\/>\tM\u00e1ximo Raimundo Villarroel D\u00edaz muri\u00f3 ese d\u00eda a las 15:15 horas, en calle Las Antillas en la comuna de Pudahuel, por traumatismos tor\u00e1cico abdominal y de la extremidad inferior izquierda por balas, seg\u00fan consigna el Certificado M\u00e9dico de Defunci\u00f3n del Instituto M\u00e9dico Legal. El Protocolo de Autopsia precis\u00f3 que los tres impactos de bala fueron por la espalda.\r\n\r\nSeg\u00fan testigos presenciales, en circunstancias que toda la familia de M\u00e1ximo Villarroel se encontraba almorzando en su domicilio, ubicado en la poblaci\u00f3n La Estrella de la comuna de Pudahuel, se presentaron dos carabineros que investigaban un delito com\u00fan. Estos ingresaron violentamente a la vivienda y pretendieron llevarse detenido a uno de sus hermanos, que estaba con un brazo enyesado. M\u00e1ximo Villarroel intervino para impedir la detenci\u00f3n de su hermano e hiri\u00f3 a uno de los polic\u00edas en la cara; luego, ambos huyeron de los polic\u00edas.\r\n\r\nCuando corr\u00edan, M\u00e1ximo Villarroel recibi\u00f3 un impacto de bala en la pierna mientras escalaba un muro, pero continu\u00f3 huyendo. Despu\u00e9s de algunas cuadras de persecuci\u00f3n los polic\u00edas le dieron alcance, y  uno de ellos le dispar\u00f3 dos veces por la espalda.\r\n\r\nSe inici\u00f3 un proceso en la Tercera Fiscal\u00eda Militar de Santiago, para investigar la muerte de M\u00e1ximo Villarroel, pero esta investigaci\u00f3n fue sobreseida, por estimar el Juez Militar \u00abque no obstante que se cometieron los delitos investigados, no exist\u00edan antecedentes para acusar a determinada persona\u00bb.\r\n\r\nConsiderando los antecedentes reunidos y la investigaci\u00f3n realizada por esta Corporaci\u00f3n, el Consejo Superior estim\u00f3 que los agentes del Estado, al usar sus armas de fuego en la forma que lo hicieron, de acuerdo al contexto de los hechos, efectuaron un uso irracional de la fuerza, lo que provoc\u00f3 la muerte de M\u00e1ximo Raimundo Villarroel D\u00edaz. Por tal raz\u00f3n, lo declar\u00f3 v\u00edctima de violaci\u00f3n de derechos humanos.\t","protected":false},"excerpt":{"rendered":"<p>\tM\u00e1ximo Raimundo Villarroel Diaz, 32 a\u00f1os, talabartero. Muerto el 5 de septiembre de 1987 en Santiago.\t &hellip; <a href=\"https:\/\/interactivos.museodelamemoria.cl\/victims\/?p=789\" class=\"more-link\"><span class=\"readmore\">Averigua m\u00e1s acerca de esta v\u00edctima&#8230;<span class=\"screen-reader-text\">VILLARROEL DIAZ MAXIMO RAIMUNDO<\/span><\/span><\/a><\/p>\n","protected":false},"author":1,"featured_media":0,"comment_status":"open","ping_status":"open","sticky":false,"template":"","format":"standard","meta":{"footnotes":""},"categories":[5],"tags":[],"class_list":["post-789","post","type-post","status-publish","format-standard","hentry","category-ejecutado-politico"],"_links":{"self":[{"href":"https:\/\/interactivos.museodelamemoria.cl\/victims\/index.php?rest_route=\/wp\/v2\/posts\/789"}],"collection":[{"href":"https:\/\/interactivos.museodelamemoria.cl\/victims\/index.php?rest_route=\/wp\/v2\/posts"}],"about":[{"href":"https:\/\/interactivos.museodelamemoria.cl\/victims\/index.php?rest_route=\/wp\/v2\/types\/post"}],"author":[{"embeddable":true,"href":"https:\/\/interactivos.museodelamemoria.cl\/victims\/index.php?rest_route=\/wp\/v2\/users\/1"}],"replies":[{"embeddable":true,"href":"https:\/\/interactivos.museodelamemoria.cl\/victims\/index.php?rest_route=%2Fwp%2Fv2%2Fcomments&post=789"}],"version-history":[{"count":0,"href":"https:\/\/interactivos.museodelamemoria.cl\/victims\/index.php?rest_route=\/wp\/v2\/posts\/789\/revisions"}],"wp:attachment":[{"href":"https:\/\/interactivos.museodelamemoria.cl\/victims\/index.php?rest_route=%2Fwp%2Fv2%2Fmedia&parent=789"}],"wp:term":[{"taxonomy":"category","embeddable":true,"href":"https:\/\/interactivos.museodelamemoria.cl\/victims\/index.php?rest_route=%2Fwp%2Fv2%2Fcategories&post=789"},{"taxonomy":"post_tag","embeddable":true,"href":"https:\/\/interactivos.museodelamemoria.cl\/victims\/index.php?rest_route=%2Fwp%2Fv2%2Ftags&post=789"}],"curies":[{"name":"wp","href":"https:\/\/api.w.org\/{rel}","templated":true}]}}