{"id":802,"date":"2013-04-01T00:00:00","date_gmt":"2013-04-01T00:00:00","guid":{"rendered":""},"modified":"2024-09-10T13:15:57","modified_gmt":"2024-09-10T13:15:57","slug":"victima-1-1140","status":"publish","type":"post","link":"https:\/\/interactivos.museodelamemoria.cl\/victims\/?p=802","title":{"rendered":"ZU\u00d1IGA SANCHEZ RAMON VICTOR"},"content":{"rendered":"<hr class=\"wp-block-separator has-text-color has-white-color has-alpha-channel-opacity has-white-background-color has-background is-style-default\"\/><p><strong>Instancia Calificadora:<\/strong> CNRR violaci\u00f3n de DDHH<\/p><p><strong>Militancia:<\/strong> SIMPATIZANTE PS<\/p><p><strong>Regi\u00f3n:<\/strong> RM Metropolitana<\/p><p><strong>Ciudad:<\/strong> SANTIAGO<\/p><p><strong>Comuna:<\/strong> <\/p><p><strong>Fecha Detenci\u00f3n\/Muerte:<\/strong> 19-10-1973<\/p><p><strong>Ocupaci\u00f3n:<\/strong> ARTESANO<\/p><p><strong>Edad:<\/strong> 31<\/p>\n<hr class=\"wp-block-separator has-text-color has-white-color has-alpha-channel-opacity has-white-background-color has-background is-style-default\"\/><p>Ram\u00f3n V\u00edctor Z\u00fa\u00f1iga S\u00e1nchez muri\u00f3 ese d\u00eda a las 5:30 horas, en la v\u00eda p\u00fablica, por heridas de bala facio craneana, cervical y tor\u00e1cica, con salida de proyectiles, seg\u00fan consta en el Certificado M\u00e9dico de Defunci\u00f3n del Instituto M\u00e9dico Legal.  <\/p>\n<p>Seg\u00fan lo declarado por familiares, Ram\u00f3n Z\u00fa\u00f1iga fue detenido el 27 de septiembre de 1973 por efectivos militares que allanaron su vivienda ubicada en la poblaci\u00f3n La Pincoya. <\/p>\n<p>Como no era liberado, y al ignorar el recinto en que se encontraba detenido, su c\u00f3nyuge dej\u00f3 constancia en la Comisar\u00eda de Carabineros de la Pincoya del desaparecimiento de su marido y lo busc\u00f3 en postas, en el Estadio Nacional y en el Instituto M\u00e9dico Legal, sin obtener resultados positivos. <\/p>\n<p>El a\u00f1o 1974, funcionarios de la Polic\u00eda de Investigaciones le informaron que Ram\u00f3n Z\u00fa\u00f1iga hab\u00eda muerto y se encontraba sepultado en el Patio N\u00ba 29 del Cementerio General de Santiago.<\/p>\n<p>De acuerdo con lo informado por la Direcci\u00f3n de dicho cementerio, sus restos, que se encontraban enterrados en una sepultura del Patio N\u00ba 29, fueron exhumados e incinerados en 1981, de acuerdo a disposiciones reglamentarias.<\/p>\n<p>Considerando los antecedentes reunidos y la investigaci\u00f3n realizada por esta Corporaci\u00f3n, el Consejo Superior lleg\u00f3 a la convicci\u00f3n de que Ram\u00f3n V\u00edctor Z\u00fa\u00f1iga S\u00e1nchez fue detenido y ejecutado extrajudicialmente por agentes del Estado, lo que constituye una violaci\u00f3n de derechos humanos.<\/p>\n\n\n<blockquote class=\"wp-block-quote is-layout-flow wp-block-quote-is-layout-flow\">\n<hr class=\"wp-block-separator has-alpha-channel-opacity\"\/>\n<cite><br>Para revisar informaci\u00f3n judicial sobre esta persona acceda al repositorio del Proyecto Expedientes de la Represi\u00f3n, que recopila las sentencias judiciales dictadas en los procesos penales ya concluidos por violaciones de derechos humanos cometidas durante la dictadura.<\/cite><\/blockquote>\n\n\n\n<figure class=\"wp-block-image size-full is-resized\"><a href=\"https:\/\/expedientesdelarepresion.cl\/causa\/ramon-zuniga-sanchez\/\"><img loading=\"lazy\" decoding=\"async\" width=\"126\" height=\"121\" src=\"https:\/\/interactivos.museodelamemoria.cl\/victimas\/wp-content\/uploads\/2024\/07\/logo-expedientes-de-la-represion_ok-e1721845389628.png\" alt=\"\" class=\"wp-image-5088\" style=\"width:110px;height:auto\"\/><\/a><\/figure>\n","protected":false},"excerpt":{"rendered":"<p>\tRam\u00f3n V\u00edctor Z\u00fa\u00f1iga S\u00e1nchez, 31 a\u00f1os, artesano. Muerto el 19 de octubre de 1973 en Santiago.\t &hellip; <a href=\"https:\/\/interactivos.museodelamemoria.cl\/victims\/?p=802\" class=\"more-link\"><span class=\"readmore\">Averigua m\u00e1s acerca de esta v\u00edctima&#8230;<span class=\"screen-reader-text\">ZU\u00d1IGA SANCHEZ RAMON VICTOR<\/span><\/span><\/a><\/p>\n","protected":false},"author":1,"featured_media":0,"comment_status":"open","ping_status":"open","sticky":false,"template":"","format":"standard","meta":{"footnotes":""},"categories":[5],"tags":[],"class_list":["post-802","post","type-post","status-publish","format-standard","hentry","category-ejecutado-politico"],"_links":{"self":[{"href":"https:\/\/interactivos.museodelamemoria.cl\/victims\/index.php?rest_route=\/wp\/v2\/posts\/802"}],"collection":[{"href":"https:\/\/interactivos.museodelamemoria.cl\/victims\/index.php?rest_route=\/wp\/v2\/posts"}],"about":[{"href":"https:\/\/interactivos.museodelamemoria.cl\/victims\/index.php?rest_route=\/wp\/v2\/types\/post"}],"author":[{"embeddable":true,"href":"https:\/\/interactivos.museodelamemoria.cl\/victims\/index.php?rest_route=\/wp\/v2\/users\/1"}],"replies":[{"embeddable":true,"href":"https:\/\/interactivos.museodelamemoria.cl\/victims\/index.php?rest_route=%2Fwp%2Fv2%2Fcomments&post=802"}],"version-history":[{"count":1,"href":"https:\/\/interactivos.museodelamemoria.cl\/victims\/index.php?rest_route=\/wp\/v2\/posts\/802\/revisions"}],"predecessor-version":[{"id":7230,"href":"https:\/\/interactivos.museodelamemoria.cl\/victims\/index.php?rest_route=\/wp\/v2\/posts\/802\/revisions\/7230"}],"wp:attachment":[{"href":"https:\/\/interactivos.museodelamemoria.cl\/victims\/index.php?rest_route=%2Fwp%2Fv2%2Fmedia&parent=802"}],"wp:term":[{"taxonomy":"category","embeddable":true,"href":"https:\/\/interactivos.museodelamemoria.cl\/victims\/index.php?rest_route=%2Fwp%2Fv2%2Fcategories&post=802"},{"taxonomy":"post_tag","embeddable":true,"href":"https:\/\/interactivos.museodelamemoria.cl\/victims\/index.php?rest_route=%2Fwp%2Fv2%2Ftags&post=802"}],"curies":[{"name":"wp","href":"https:\/\/api.w.org\/{rel}","templated":true}]}}