{"id":843,"date":"2013-04-01T00:00:00","date_gmt":"2013-04-01T00:00:00","guid":{"rendered":""},"modified":"2013-04-01T00:00:00","modified_gmt":"2013-04-01T00:00:00","slug":"victima-1","status":"publish","type":"post","link":"https:\/\/interactivos.museodelamemoria.cl\/victims\/?p=843","title":{"rendered":"REBOLLEDO PARRA RICARDO SERAFIN"},"content":{"rendered":"<hr class=\"wp-block-separator has-text-color has-white-color has-alpha-channel-opacity has-white-background-color has-background is-style-default\"\/><p><strong>Instancia Calificadora:<\/strong> CNRR violaci\u00f3n de DDHH<\/p><p><strong>Militancia:<\/strong> Sin Militancia<\/p><p><strong>Regi\u00f3n:<\/strong> VIII Biob\u00edo<\/p><p><strong>Ciudad:<\/strong> CONCEPCION<\/p><p><strong>Comuna:<\/strong> CONCEPCION<\/p><p><strong>Fecha Detenci\u00f3n\/Muerte:<\/strong> 08-08-1985<\/p><p><strong>Ocupaci\u00f3n:<\/strong> COMERCIANTE AMBULANTE<\/p><p><strong>Edad:<\/strong> 22<\/p>\n<hr class=\"wp-block-separator has-text-color has-white-color has-alpha-channel-opacity has-white-background-color has-background is-style-default\"\/>\tRicardo Seraf\u00edn Rebolledo Parra muri\u00f3 ese d\u00eda a las 5:25 horas, en el Hospital Regional, por una herida de bala cr\u00e1neo encef\u00e1lica \u00abde tipo homicida\u00bb (sic), seg\u00fan consigna el Certificado de Defunci\u00f3n. El Protocolo de Autopsia describe que recibi\u00f3 otro impacto de bala en la regi\u00f3n dorsal y que, adem\u00e1s, presentaba erosiones en la cara y mu\u00f1ecas.\r\n\r\nEn la investigaci\u00f3n judicial iniciada por su muerte se estableci\u00f3 que el 7 de agosto, alrededor de las 17:30 horas, en circunstancias que Ricardo Rebolledo se encontraba junto con unos amigos cerca de su domicilio ubicado en la poblaci\u00f3n Pedro del R\u00edo Za\u00f1artu, fue herido de bala por un funcionario de la Polic\u00eda de Investigaciones. El disparo que le caus\u00f3 la muerte fue efectuado despu\u00e9s que los j\u00f3venes huyeran de los polic\u00edas. Rebolledo recibi\u00f3 dos impactos de bala, uno en la cabeza y otro en la espalda.\r\n\r\nEl detective aleg\u00f3 que los hechos se produjeron cuando fueron atacados por el grupo de j\u00f3venes, y despu\u00e9s que Manuel Rebolledo  intentara atacarlo con arma blanca. Agreg\u00f3 que el disparo hab\u00eda sido accidental, en una persecuci\u00f3n posterior, cuando se hab\u00eda tropezado y se hab\u00eda disparado el arma que portaba en su mano.\r\n\r\nLa sentencia de primera instancia lo conden\u00f3 como autor del delito de homicidio a la pena de tres a\u00f1os y un d\u00eda de presidio, por considerar que hab\u00eda existido dolo en su actuaci\u00f3n, al efectuar tres disparos: uno al aire, para disolver al grupo de j\u00f3venes; uno a la cabeza de Ricardo Rebolledo; y un tercero en su espalda. Asimismo, tuvo presente la actuaci\u00f3n del polic\u00eda despu\u00e9s de los disparos, quien opt\u00f3 por retirarse del lugar sin asistir al herido y, posteriormente, no denunci\u00f3 lo sucedido a sus superiores.\r\n\r\nLa sentencia de segunda instancia, en cambio, revoc\u00f3 la anterior, y dispuso que \u00abel disparo que caus\u00f3 la herida que ocasion\u00f3 la muerte de Rebolledo, si bien provino del arma que empu\u00f1aba el reo, como \u00e9ste lo reconoce, se produjo en forma accidental y como consecuencia de la ca\u00edda sufrida por \u00e9ste, raz\u00f3n por la cual el reo se encuentra exento de responsabilidad penal (&#8230;)\u00bb.\r\n\r\nEn ambas sentencias, no obstante, se dio por comprobado que la muerte de Ricardo Rebolledo se produjo por un disparo en su cabeza, en circunstancias que \u00e9ste hu\u00eda del polic\u00eda que lo persegu\u00eda con su arma de servicio empu\u00f1ada y preparada para disparar. \r\n\r\nConsiderando los antecedentes reunidos y la investigaci\u00f3n realizada por esta Corporaci\u00f3n; y en especial teniendo presente que existiendo medios menos violentos para detener a una persona considerada sospechosa el agente del Estado utiliz\u00f3, a lo menos en dos oportunidades, un medio que de acuerdo al contexto de los hechos resultaba evidentemente desproporcionado e innecesario; y que, adem\u00e1s, no prest\u00f3 asistencia al herido, ocultando los antecedentes a sus superiores, el Consejo Superior declar\u00f3 a Ricardo Seraf\u00edn Rebolledo Parra v\u00edctima de violaci\u00f3n de derechos humanos por parte de un agente del Estado que hizo uso indebido de la fuerza.\t","protected":false},"excerpt":{"rendered":"<p>\tRicardo Seraf\u00edn Rebolledo Parra, 22 a\u00f1os, comerciante ambulante. Muerto el 8 de agosto de 1985 en Concepci\u00f3n.\t &hellip; <a href=\"https:\/\/interactivos.museodelamemoria.cl\/victims\/?p=843\" class=\"more-link\"><span class=\"readmore\">Averigua m\u00e1s acerca de esta v\u00edctima&#8230;<span class=\"screen-reader-text\">REBOLLEDO PARRA RICARDO SERAFIN<\/span><\/span><\/a><\/p>\n","protected":false},"author":1,"featured_media":0,"comment_status":"open","ping_status":"open","sticky":false,"template":"","format":"standard","meta":{"footnotes":""},"categories":[5],"tags":[],"class_list":["post-843","post","type-post","status-publish","format-standard","hentry","category-ejecutado-politico"],"_links":{"self":[{"href":"https:\/\/interactivos.museodelamemoria.cl\/victims\/index.php?rest_route=\/wp\/v2\/posts\/843"}],"collection":[{"href":"https:\/\/interactivos.museodelamemoria.cl\/victims\/index.php?rest_route=\/wp\/v2\/posts"}],"about":[{"href":"https:\/\/interactivos.museodelamemoria.cl\/victims\/index.php?rest_route=\/wp\/v2\/types\/post"}],"author":[{"embeddable":true,"href":"https:\/\/interactivos.museodelamemoria.cl\/victims\/index.php?rest_route=\/wp\/v2\/users\/1"}],"replies":[{"embeddable":true,"href":"https:\/\/interactivos.museodelamemoria.cl\/victims\/index.php?rest_route=%2Fwp%2Fv2%2Fcomments&post=843"}],"version-history":[{"count":0,"href":"https:\/\/interactivos.museodelamemoria.cl\/victims\/index.php?rest_route=\/wp\/v2\/posts\/843\/revisions"}],"wp:attachment":[{"href":"https:\/\/interactivos.museodelamemoria.cl\/victims\/index.php?rest_route=%2Fwp%2Fv2%2Fmedia&parent=843"}],"wp:term":[{"taxonomy":"category","embeddable":true,"href":"https:\/\/interactivos.museodelamemoria.cl\/victims\/index.php?rest_route=%2Fwp%2Fv2%2Fcategories&post=843"},{"taxonomy":"post_tag","embeddable":true,"href":"https:\/\/interactivos.museodelamemoria.cl\/victims\/index.php?rest_route=%2Fwp%2Fv2%2Ftags&post=843"}],"curies":[{"name":"wp","href":"https:\/\/api.w.org\/{rel}","templated":true}]}}