{"id":862,"date":"2013-04-01T00:00:00","date_gmt":"2013-04-01T00:00:00","guid":{"rendered":""},"modified":"2013-04-01T00:00:00","modified_gmt":"2013-04-01T00:00:00","slug":"victima-1","status":"publish","type":"post","link":"https:\/\/interactivos.museodelamemoria.cl\/victims\/?p=862","title":{"rendered":"ACEVEDO BECERRA SEBASTIAN"},"content":{"rendered":"<hr class=\"wp-block-separator has-text-color has-white-color has-alpha-channel-opacity has-white-background-color has-background is-style-default\"\/><p><strong>Instancia Calificadora:<\/strong> CVR violencia pol\u00edtica<\/p><p><strong>Militancia:<\/strong> PC<\/p><p><strong>Regi\u00f3n:<\/strong> VIII Biob\u00edo<\/p><p><strong>Ciudad:<\/strong> CONCEPCION<\/p><p><strong>Comuna:<\/strong> CONCEPCION<\/p><p><strong>Fecha Detenci\u00f3n\/Muerte:<\/strong> 11-11-1983<\/p><p><strong>Ocupaci\u00f3n:<\/strong> OBRERO<\/p><p><strong>Edad:<\/strong> 50<\/p>\n<hr class=\"wp-block-separator has-text-color has-white-color has-alpha-channel-opacity has-white-background-color has-background is-style-default\"\/>\tEn los meses de octubre y noviembre de 1983 hay un recrudecimiento de hechos de violencia en Concepci\u00f3n, registr\u00e1ndose adem\u00e1s detenciones por personal de civil que no se identifica y tampoco exhibe \u00f3rdenes de detenci\u00f3n. A ello se agregan testimonios de personas que han sido objeto de torturas por agentes del Estado.\r\n\r\nEn este contexto, el 9 de noviembre de 1983 se registra la detenci\u00f3n de Galo y Mar\u00eda Candelaria Acevedo S\u00e1ez, hijos de Sebasti\u00e1n ACEVEDO BECERRA, por civiles armados que no se identificaron.  Su padre desesperado los busca en diferentes recintos y solicita ayuda en numerosas partes, sospechando que se encuentran en poder de la CNI.\r\n\r\nEl 11 de noviembre de 1983, al no tener noticias de ellos, en se\u00f1al de protesta y para presionar a las autoridades, roc\u00eda parafina y bencina en sus ropas en la Plaza de la ciudad, y debido a que un Carabinero intenta detenerlo, se prende fuego, muriendo a las pocas horas a consecuencia de las quemaduras que sufre.\r\n\r\nLa Comisi\u00f3n estima que si bien Sebasti\u00e1n Acevedo muri\u00f3 a consecuencias de hechos provocados por su propia mano, y no cabe en rigor calificar su muerte de una violaci\u00f3n de derechos humanos, es v\u00edctima de la violencia pol\u00edtica, porque tom\u00f3 la determinaci\u00f3n que le cost\u00f3 la vida en un gesto extremo por salvar a sus hijos de consecuencias inciertas, pero que bien se pod\u00eda temer fueran muy graves, o como modo desesperado de protestar por la situaci\u00f3n que lo aflig\u00eda como padre.\t","protected":false},"excerpt":{"rendered":"<p>\tSebasti\u00e1n Acevedo Becerra, 50 a\u00f1os, obrero de la construcci\u00f3n. Muerto el 11 de noviembre de 1983 en Concepci\u00f3n.\t &hellip; <a href=\"https:\/\/interactivos.museodelamemoria.cl\/victims\/?p=862\" class=\"more-link\"><span class=\"readmore\">Averigua m\u00e1s acerca de esta v\u00edctima&#8230;<span class=\"screen-reader-text\">ACEVEDO BECERRA SEBASTIAN<\/span><\/span><\/a><\/p>\n","protected":false},"author":1,"featured_media":0,"comment_status":"open","ping_status":"open","sticky":false,"template":"","format":"standard","meta":{"footnotes":""},"categories":[5],"tags":[],"class_list":["post-862","post","type-post","status-publish","format-standard","hentry","category-ejecutado-politico"],"_links":{"self":[{"href":"https:\/\/interactivos.museodelamemoria.cl\/victims\/index.php?rest_route=\/wp\/v2\/posts\/862"}],"collection":[{"href":"https:\/\/interactivos.museodelamemoria.cl\/victims\/index.php?rest_route=\/wp\/v2\/posts"}],"about":[{"href":"https:\/\/interactivos.museodelamemoria.cl\/victims\/index.php?rest_route=\/wp\/v2\/types\/post"}],"author":[{"embeddable":true,"href":"https:\/\/interactivos.museodelamemoria.cl\/victims\/index.php?rest_route=\/wp\/v2\/users\/1"}],"replies":[{"embeddable":true,"href":"https:\/\/interactivos.museodelamemoria.cl\/victims\/index.php?rest_route=%2Fwp%2Fv2%2Fcomments&post=862"}],"version-history":[{"count":0,"href":"https:\/\/interactivos.museodelamemoria.cl\/victims\/index.php?rest_route=\/wp\/v2\/posts\/862\/revisions"}],"wp:attachment":[{"href":"https:\/\/interactivos.museodelamemoria.cl\/victims\/index.php?rest_route=%2Fwp%2Fv2%2Fmedia&parent=862"}],"wp:term":[{"taxonomy":"category","embeddable":true,"href":"https:\/\/interactivos.museodelamemoria.cl\/victims\/index.php?rest_route=%2Fwp%2Fv2%2Fcategories&post=862"},{"taxonomy":"post_tag","embeddable":true,"href":"https:\/\/interactivos.museodelamemoria.cl\/victims\/index.php?rest_route=%2Fwp%2Fv2%2Ftags&post=862"}],"curies":[{"name":"wp","href":"https:\/\/api.w.org\/{rel}","templated":true}]}}