{"id":870,"date":"2013-04-01T00:00:00","date_gmt":"2013-04-01T00:00:00","guid":{"rendered":""},"modified":"2013-04-01T00:00:00","modified_gmt":"2013-04-01T00:00:00","slug":"victima-1","status":"publish","type":"post","link":"https:\/\/interactivos.museodelamemoria.cl\/victims\/?p=870","title":{"rendered":"AGUILAR CARVAJAL ALICIA MARCELA"},"content":{"rendered":"<hr class=\"wp-block-separator has-text-color has-white-color has-alpha-channel-opacity has-white-background-color has-background is-style-default\"\/><p><strong>Instancia Calificadora:<\/strong> CNRR violaci\u00f3n de DDHH<\/p><p><strong>Militancia:<\/strong> Sin Militancia<\/p><p><strong>Regi\u00f3n:<\/strong> RM Metropolitana<\/p><p><strong>Ciudad:<\/strong> SANTIAGO<\/p><p><strong>Comuna:<\/strong> <\/p><p><strong>Fecha Detenci\u00f3n\/Muerte:<\/strong> 18-09-1973<\/p><p><strong>Ocupaci\u00f3n:<\/strong> ESTUDIANTE ENSE\u00d1ANZA BASICA<\/p><p><strong>Edad:<\/strong> 6<\/p>\n<hr class=\"wp-block-separator has-text-color has-white-color has-alpha-channel-opacity has-white-background-color has-background is-style-default\"\/>\tAlicia Marcela Aguilar Carvajal muri\u00f3 ese d\u00eda a las 20:15 horas, en Plaza Panam\u00e1, por una herida de bala tor\u00e1cica con salida de proyectil, seg\u00fan el Certificado M\u00e9dico de Defunci\u00f3n del Instituto M\u00e9dico Legal.\r\n\r\nEl d\u00eda de los hechos, alrededor de las 17:30 horas, la menor se encontraba jugando en compa\u00f1\u00eda de su hermana en la Plaza Panam\u00e1, ubicada en Mart\u00ednez de Rosas con Maturana, a dos cuadras de su domicilio. Repentinamente aparecieron numerosos veh\u00edculos militares, cuyos efectivos dispararon en distintas direcciones. Alicia Aguilar fue alcanzada por uno de estos proyectiles y falleci\u00f3 cuando era conducida hasta un centro asistencial.\r\n\r\nConsiderando los antecedentes reunidos y la investigaci\u00f3n realizada, el Consejo Superior de esta Corporaci\u00f3n declar\u00f3 a Alicia Marcela Aguilar Carvajal v\u00edctima de violaci\u00f3n de derechos humanos, cometida por agentes del Estado que hicieron un uso indebido de la fuerza.\t","protected":false},"excerpt":{"rendered":"<p>\tAlicia Marcela Aguilar Carvajal, 6 a\u00f1os, estudiante de ense\u00f1anza b\u00e1sica. Muerta el 18 de septiembre de 1973 en Santiago.\t &hellip; <a href=\"https:\/\/interactivos.museodelamemoria.cl\/victims\/?p=870\" class=\"more-link\"><span class=\"readmore\">Averigua m\u00e1s acerca de esta v\u00edctima&#8230;<span class=\"screen-reader-text\">AGUILAR CARVAJAL ALICIA MARCELA<\/span><\/span><\/a><\/p>\n","protected":false},"author":1,"featured_media":0,"comment_status":"open","ping_status":"open","sticky":false,"template":"","format":"standard","meta":{"footnotes":""},"categories":[5],"tags":[],"class_list":["post-870","post","type-post","status-publish","format-standard","hentry","category-ejecutado-politico"],"_links":{"self":[{"href":"https:\/\/interactivos.museodelamemoria.cl\/victims\/index.php?rest_route=\/wp\/v2\/posts\/870"}],"collection":[{"href":"https:\/\/interactivos.museodelamemoria.cl\/victims\/index.php?rest_route=\/wp\/v2\/posts"}],"about":[{"href":"https:\/\/interactivos.museodelamemoria.cl\/victims\/index.php?rest_route=\/wp\/v2\/types\/post"}],"author":[{"embeddable":true,"href":"https:\/\/interactivos.museodelamemoria.cl\/victims\/index.php?rest_route=\/wp\/v2\/users\/1"}],"replies":[{"embeddable":true,"href":"https:\/\/interactivos.museodelamemoria.cl\/victims\/index.php?rest_route=%2Fwp%2Fv2%2Fcomments&post=870"}],"version-history":[{"count":0,"href":"https:\/\/interactivos.museodelamemoria.cl\/victims\/index.php?rest_route=\/wp\/v2\/posts\/870\/revisions"}],"wp:attachment":[{"href":"https:\/\/interactivos.museodelamemoria.cl\/victims\/index.php?rest_route=%2Fwp%2Fv2%2Fmedia&parent=870"}],"wp:term":[{"taxonomy":"category","embeddable":true,"href":"https:\/\/interactivos.museodelamemoria.cl\/victims\/index.php?rest_route=%2Fwp%2Fv2%2Fcategories&post=870"},{"taxonomy":"post_tag","embeddable":true,"href":"https:\/\/interactivos.museodelamemoria.cl\/victims\/index.php?rest_route=%2Fwp%2Fv2%2Ftags&post=870"}],"curies":[{"name":"wp","href":"https:\/\/api.w.org\/{rel}","templated":true}]}}