{"id":877,"date":"2013-04-01T00:00:00","date_gmt":"2013-04-01T00:00:00","guid":{"rendered":""},"modified":"2013-04-01T00:00:00","modified_gmt":"2013-04-01T00:00:00","slug":"victima-1","status":"publish","type":"post","link":"https:\/\/interactivos.museodelamemoria.cl\/victims\/?p=877","title":{"rendered":"AGUIRRE BALLESTEROS JUAN ANTONIO"},"content":{"rendered":"<hr class=\"wp-block-separator has-text-color has-white-color has-alpha-channel-opacity has-white-background-color has-background is-style-default\"\/><p><strong>Instancia Calificadora:<\/strong> CVR violaci\u00f3n de DDHH<\/p><p><strong>Militancia:<\/strong> Sin Militancia<\/p><p><strong>Regi\u00f3n:<\/strong> RM Metropolitana<\/p><p><strong>Ciudad:<\/strong> SANTIAGO<\/p><p><strong>Comuna:<\/strong> PUDAHUEL<\/p><p><strong>Fecha Detenci\u00f3n\/Muerte:<\/strong> 04-09-1984<\/p><p><strong>Ocupaci\u00f3n:<\/strong> PANIFICADOR<\/p><p><strong>Edad:<\/strong> 23<\/p>\n<hr class=\"wp-block-separator has-text-color has-white-color has-alpha-channel-opacity has-white-background-color has-background is-style-default\"\/>\tEl 22 de octubre de 1984 fue encontrado el cad\u00e1ver de Juan Antonio AGUIRRE BALLESTEROS, de 23 a\u00f1os, obrero panificador sin militancia pol\u00edtica.\r\n\r\nEl 4 de septiembre de 1984, d\u00eda en que se hab\u00eda convocado a una protesta nacional contra el gobierno militar, alrededor de las 5.45 horas de la madrugada, en calle Brangranza esquina Avenida Salvador Guti\u00e9rrez, Pudahuel, fue detenido por carabineros junto a otros amigos, cuando se dirig\u00eda a su trabajo. Fue conducido con los ojos vendados a un lugar donde, seg\u00fan testimonios recibidos por esta Comisi\u00f3n de personas detenidas junto con \u00e9l, fue objeto de maltratos f\u00edsicos.\r\n\r\nSu cad\u00e1ver fue encontrado 51 d\u00edas despu\u00e9s, en el estero de Codegua, sector La Leona en San Rafael de Melipilla.  La autoridad nunca ha reconocido su detenci\u00f3n.\r\n\r\nLa Comisi\u00f3n, considerando los antecedentes reunidos, ha llegado a la convicci\u00f3n de que Juan Aguirre muri\u00f3 a consecuencia de la tortura a la que fue sometido por agentes del Estado, y que su cad\u00e1ver fue arrojado en un sitio bald\u00edo con el objeto de encubrir este hecho, considerando su muerte una violaci\u00f3n a los derechos humanos de responsabilidad de agentes estatales.\t","protected":false},"excerpt":{"rendered":"<p>\tJuan Antonio Aguirre Ballesteros, de 23 a\u00f1os, obrero panificador, sin militancia pol\u00edtica. Muerto el 4 de septiembre de 1984 en Santiago. \t &hellip; <a href=\"https:\/\/interactivos.museodelamemoria.cl\/victims\/?p=877\" class=\"more-link\"><span class=\"readmore\">Averigua m\u00e1s acerca de esta v\u00edctima&#8230;<span class=\"screen-reader-text\">AGUIRRE BALLESTEROS JUAN ANTONIO<\/span><\/span><\/a><\/p>\n","protected":false},"author":1,"featured_media":0,"comment_status":"open","ping_status":"open","sticky":false,"template":"","format":"standard","meta":{"footnotes":""},"categories":[5],"tags":[],"class_list":["post-877","post","type-post","status-publish","format-standard","hentry","category-ejecutado-politico"],"_links":{"self":[{"href":"https:\/\/interactivos.museodelamemoria.cl\/victims\/index.php?rest_route=\/wp\/v2\/posts\/877"}],"collection":[{"href":"https:\/\/interactivos.museodelamemoria.cl\/victims\/index.php?rest_route=\/wp\/v2\/posts"}],"about":[{"href":"https:\/\/interactivos.museodelamemoria.cl\/victims\/index.php?rest_route=\/wp\/v2\/types\/post"}],"author":[{"embeddable":true,"href":"https:\/\/interactivos.museodelamemoria.cl\/victims\/index.php?rest_route=\/wp\/v2\/users\/1"}],"replies":[{"embeddable":true,"href":"https:\/\/interactivos.museodelamemoria.cl\/victims\/index.php?rest_route=%2Fwp%2Fv2%2Fcomments&post=877"}],"version-history":[{"count":0,"href":"https:\/\/interactivos.museodelamemoria.cl\/victims\/index.php?rest_route=\/wp\/v2\/posts\/877\/revisions"}],"wp:attachment":[{"href":"https:\/\/interactivos.museodelamemoria.cl\/victims\/index.php?rest_route=%2Fwp%2Fv2%2Fmedia&parent=877"}],"wp:term":[{"taxonomy":"category","embeddable":true,"href":"https:\/\/interactivos.museodelamemoria.cl\/victims\/index.php?rest_route=%2Fwp%2Fv2%2Fcategories&post=877"},{"taxonomy":"post_tag","embeddable":true,"href":"https:\/\/interactivos.museodelamemoria.cl\/victims\/index.php?rest_route=%2Fwp%2Fv2%2Ftags&post=877"}],"curies":[{"name":"wp","href":"https:\/\/api.w.org\/{rel}","templated":true}]}}