{"id":919,"date":"2013-04-01T00:00:00","date_gmt":"2013-04-01T00:00:00","guid":{"rendered":""},"modified":"2013-04-01T00:00:00","modified_gmt":"2013-04-01T00:00:00","slug":"victima-1","status":"publish","type":"post","link":"https:\/\/interactivos.museodelamemoria.cl\/victims\/?p=919","title":{"rendered":"ITURRA GONZALEZ ERVIN NESTOR"},"content":{"rendered":"<hr class=\"wp-block-separator has-text-color has-white-color has-alpha-channel-opacity has-white-background-color has-background is-style-default\"\/><p><strong>Instancia Calificadora:<\/strong> CVR violencia pol\u00edtica<\/p><p><strong>Militancia:<\/strong> Sin Militancia<\/p><p><strong>Regi\u00f3n:<\/strong> RM Metropolitana<\/p><p><strong>Ciudad:<\/strong> SANTIAGO<\/p><p><strong>Comuna:<\/strong> <\/p><p><strong>Fecha Detenci\u00f3n\/Muerte:<\/strong> 06-11-1985<\/p><p><strong>Ocupaci\u00f3n:<\/strong> MECANICO<\/p><p><strong>Edad:<\/strong> 22<\/p>\n<hr class=\"wp-block-separator has-text-color has-white-color has-alpha-channel-opacity has-white-background-color has-background is-style-default\"\/>\tEl 6 de noviembre de 1985, segundo d\u00eda de una Jornada de Movilizaci\u00f3n Social, murieron cuatro personas:\r\n\r\nErvin N\u00e9stor ITURRA GONZALEZ, 22 a\u00f1os de edad, de profesi\u00f3n mec\u00e1nico, muri\u00f3 a causa de un traumatismo c\u00e9rvico facial por bala, cuando en horas de la noche se realizaban manifestaciones antigubernamentales en calle Luis Infante Cerda con 5 de abril (Santiago).  \r\n\r\nLos antecedentes recibidos por la Comisi\u00f3n no permitieron dilucidar las reales circunstancias de los hechos ni el origen de los disparos.  Con todo, dado que la muerte ocurri\u00f3 en el marco de una situaci\u00f3n de manifestaci\u00f3n pol\u00edtica, y considerando los antecedentes generales sobre la violencia que se produc\u00eda con ocasi\u00f3n de estas manifestaciones, la Comisi\u00f3n presume que Ervin N\u00e9stor Iturra cay\u00f3 v\u00edctima de la violencia pol\u00edtica en el per\u00edodo.\r\n\r\n\t","protected":false},"excerpt":{"rendered":"<p>\tErvin N\u00e9stor Iturra Gonz\u00e1lez, 22 a\u00f1os, mec\u00e1nico. Muerto el 6 de noviembre de 1985 en Santiago.\t &hellip; <a href=\"https:\/\/interactivos.museodelamemoria.cl\/victims\/?p=919\" class=\"more-link\"><span class=\"readmore\">Averigua m\u00e1s acerca de esta v\u00edctima&#8230;<span class=\"screen-reader-text\">ITURRA GONZALEZ ERVIN NESTOR<\/span><\/span><\/a><\/p>\n","protected":false},"author":1,"featured_media":0,"comment_status":"open","ping_status":"open","sticky":false,"template":"","format":"standard","meta":{"footnotes":""},"categories":[5],"tags":[],"class_list":["post-919","post","type-post","status-publish","format-standard","hentry","category-ejecutado-politico"],"_links":{"self":[{"href":"https:\/\/interactivos.museodelamemoria.cl\/victims\/index.php?rest_route=\/wp\/v2\/posts\/919"}],"collection":[{"href":"https:\/\/interactivos.museodelamemoria.cl\/victims\/index.php?rest_route=\/wp\/v2\/posts"}],"about":[{"href":"https:\/\/interactivos.museodelamemoria.cl\/victims\/index.php?rest_route=\/wp\/v2\/types\/post"}],"author":[{"embeddable":true,"href":"https:\/\/interactivos.museodelamemoria.cl\/victims\/index.php?rest_route=\/wp\/v2\/users\/1"}],"replies":[{"embeddable":true,"href":"https:\/\/interactivos.museodelamemoria.cl\/victims\/index.php?rest_route=%2Fwp%2Fv2%2Fcomments&post=919"}],"version-history":[{"count":0,"href":"https:\/\/interactivos.museodelamemoria.cl\/victims\/index.php?rest_route=\/wp\/v2\/posts\/919\/revisions"}],"wp:attachment":[{"href":"https:\/\/interactivos.museodelamemoria.cl\/victims\/index.php?rest_route=%2Fwp%2Fv2%2Fmedia&parent=919"}],"wp:term":[{"taxonomy":"category","embeddable":true,"href":"https:\/\/interactivos.museodelamemoria.cl\/victims\/index.php?rest_route=%2Fwp%2Fv2%2Fcategories&post=919"},{"taxonomy":"post_tag","embeddable":true,"href":"https:\/\/interactivos.museodelamemoria.cl\/victims\/index.php?rest_route=%2Fwp%2Fv2%2Ftags&post=919"}],"curies":[{"name":"wp","href":"https:\/\/api.w.org\/{rel}","templated":true}]}}