{"id":938,"date":"2013-04-01T00:00:00","date_gmt":"2013-04-01T00:00:00","guid":{"rendered":""},"modified":"2013-04-01T00:00:00","modified_gmt":"2013-04-01T00:00:00","slug":"victima-1","status":"publish","type":"post","link":"https:\/\/interactivos.museodelamemoria.cl\/victims\/?p=938","title":{"rendered":"VILLASECA DIAZ JORGE BERNARDO"},"content":{"rendered":"<hr class=\"wp-block-separator has-text-color has-white-color has-alpha-channel-opacity has-white-background-color has-background is-style-default\"\/><p><strong>Instancia Calificadora:<\/strong> CNRR violaci\u00f3n de DDHH<\/p><p><strong>Militancia:<\/strong> Sin Militancia<\/p><p><strong>Regi\u00f3n:<\/strong> RM Metropolitana<\/p><p><strong>Ciudad:<\/strong> SANTIAGO<\/p><p><strong>Comuna:<\/strong> SANTIAGO<\/p><p><strong>Fecha Detenci\u00f3n\/Muerte:<\/strong> 14-09-1973<\/p><p><strong>Ocupaci\u00f3n:<\/strong> COMERCIANTE<\/p><p><strong>Edad:<\/strong> 48<\/p>\n<hr class=\"wp-block-separator has-text-color has-white-color has-alpha-channel-opacity has-white-background-color has-background is-style-default\"\/>\tJorge Bernardo Villaseca D\u00edaz muri\u00f3 ese d\u00eda a las 9:40 horas, en la Posta Central, por anemia aguda provocada por una herida de bala c\u00e9rvico tor\u00e1cica, como acredita el Certificado M\u00e9dico de Defunci\u00f3n del Instituto M\u00e9dico Legal.  \r\n\r\nDe acuerdo con lo declarado por un testigo presencial, en la ma\u00f1ana de ese d\u00eda, Jorge Villaseca sali\u00f3 desde su negocio de abarrotes ubicado en la calle Tocornal rumbo a su domicilio, ubicado en la poblaci\u00f3n Vicente Navarrete. Al llegar a la intersecci\u00f3n de calles Pintor Cicarelli y Lira, se encontr\u00f3 con un grupo de militares que estaban apostados en el lugar, quienes al verlo le dispararon una r\u00e1faga. Trasladado a la Posta Central, falleci\u00f3 poco despu\u00e9s.  \r\n\r\nEl Consejo Superior de esta Corporaci\u00f3n, considerando que no exist\u00eda, de acuerdo al contexto de la situaci\u00f3n, raz\u00f3n alguna para disparar, lleg\u00f3 a la convicci\u00f3n de que la muerte de Jorge Bernardo Villaseca D\u00edaz fue producto del uso irracional de la fuerza por agentes del Estado. Por tal raz\u00f3n, lo declar\u00f3 v\u00edctima de violaci\u00f3n de derechos humanos.\t","protected":false},"excerpt":{"rendered":"<p>\tJorge Bernardo Villaseca Diaz, 48 a\u00f1os, comerciante. Muerto el 14 de septiembre de 1973 en Santiago.\t &hellip; <a href=\"https:\/\/interactivos.museodelamemoria.cl\/victims\/?p=938\" class=\"more-link\"><span class=\"readmore\">Averigua m\u00e1s acerca de esta v\u00edctima&#8230;<span class=\"screen-reader-text\">VILLASECA DIAZ JORGE BERNARDO<\/span><\/span><\/a><\/p>\n","protected":false},"author":1,"featured_media":0,"comment_status":"open","ping_status":"open","sticky":false,"template":"","format":"standard","meta":{"footnotes":""},"categories":[5],"tags":[],"class_list":["post-938","post","type-post","status-publish","format-standard","hentry","category-ejecutado-politico"],"_links":{"self":[{"href":"https:\/\/interactivos.museodelamemoria.cl\/victims\/index.php?rest_route=\/wp\/v2\/posts\/938"}],"collection":[{"href":"https:\/\/interactivos.museodelamemoria.cl\/victims\/index.php?rest_route=\/wp\/v2\/posts"}],"about":[{"href":"https:\/\/interactivos.museodelamemoria.cl\/victims\/index.php?rest_route=\/wp\/v2\/types\/post"}],"author":[{"embeddable":true,"href":"https:\/\/interactivos.museodelamemoria.cl\/victims\/index.php?rest_route=\/wp\/v2\/users\/1"}],"replies":[{"embeddable":true,"href":"https:\/\/interactivos.museodelamemoria.cl\/victims\/index.php?rest_route=%2Fwp%2Fv2%2Fcomments&post=938"}],"version-history":[{"count":0,"href":"https:\/\/interactivos.museodelamemoria.cl\/victims\/index.php?rest_route=\/wp\/v2\/posts\/938\/revisions"}],"wp:attachment":[{"href":"https:\/\/interactivos.museodelamemoria.cl\/victims\/index.php?rest_route=%2Fwp%2Fv2%2Fmedia&parent=938"}],"wp:term":[{"taxonomy":"category","embeddable":true,"href":"https:\/\/interactivos.museodelamemoria.cl\/victims\/index.php?rest_route=%2Fwp%2Fv2%2Fcategories&post=938"},{"taxonomy":"post_tag","embeddable":true,"href":"https:\/\/interactivos.museodelamemoria.cl\/victims\/index.php?rest_route=%2Fwp%2Fv2%2Ftags&post=938"}],"curies":[{"name":"wp","href":"https:\/\/api.w.org\/{rel}","templated":true}]}}