{"id":968,"date":"2013-04-01T00:00:00","date_gmt":"2013-04-01T00:00:00","guid":{"rendered":""},"modified":"2013-04-01T00:00:00","modified_gmt":"2013-04-01T00:00:00","slug":"victima-1","status":"publish","type":"post","link":"https:\/\/interactivos.museodelamemoria.cl\/victims\/?p=968","title":{"rendered":"ARANDA SAAVEDRA DANIEL DAVID"},"content":{"rendered":"<hr class=\"wp-block-separator has-text-color has-white-color has-alpha-channel-opacity has-white-background-color has-background is-style-default\"\/><p><strong>Instancia Calificadora:<\/strong> CVR violencia pol\u00edtica<\/p><p><strong>Militancia:<\/strong> Sin Militancia<\/p><p><strong>Regi\u00f3n:<\/strong> RM Metropolitana<\/p><p><strong>Ciudad:<\/strong> SANTIAGO<\/p><p><strong>Comuna:<\/strong> SAN MIGUEL<\/p><p><strong>Fecha Detenci\u00f3n\/Muerte:<\/strong> 04-09-1985<\/p><p><strong>Ocupaci\u00f3n:<\/strong> OBRERO POJH<\/p><p><strong>Edad:<\/strong> 21<\/p>\n<hr class=\"wp-block-separator has-text-color has-white-color has-alpha-channel-opacity has-white-background-color has-background is-style-default\"\/>\tEl d\u00eda 4 de septiembre de 1985 en las manifestaciones relativas a la D\u00e9cimo Cuarta Jornada de Protesta Nacional murieron diez personas:\r\n\r\nDaniel David ARANDA SAAVEDRA, de 21 a\u00f1os de edad, era obrero del Programa Ocupacional para Jefes de Hogar (POJH).  En la tarde del d\u00eda 4 pobladores saquearon un recinto industrial custodiado por efectivos de la Fuerza A\u00e9rea (en Santiago).  Se hizo presente un helic\u00f3ptero del cual descendieron uniformados que dispararon sus armas de fuego para dispersar a los presentes.  Una bala hiri\u00f3 a Daniel David Aranda y le caus\u00f3 la muerte.  \r\n\r\nLos testimonios y antecedentes recibidos por la Comisi\u00f3n dan cuenta del car\u00e1cter extremadamente complejo de la situaci\u00f3n, y no permiten dilucidar si hubo un uso excesivo de la fuerza.  Por los mismos antecedentes, la Comisi\u00f3n presume que Daniel David Aranda cay\u00f3 v\u00edctima de una situaci\u00f3n de violencia pol\u00edtica en la que se vio envuelto.\t","protected":false},"excerpt":{"rendered":"<p>\tDaniel David Aranda Saavedra, 21 a\u00f1os,  obrero del Programa Ocupacional para Jefes de Hogar (POJH). Muerto el 4 de septiembre de 1985 en Santiago.  \t &hellip; <a href=\"https:\/\/interactivos.museodelamemoria.cl\/victims\/?p=968\" class=\"more-link\"><span class=\"readmore\">Averigua m\u00e1s acerca de esta v\u00edctima&#8230;<span class=\"screen-reader-text\">ARANDA SAAVEDRA DANIEL DAVID<\/span><\/span><\/a><\/p>\n","protected":false},"author":1,"featured_media":0,"comment_status":"open","ping_status":"open","sticky":false,"template":"","format":"standard","meta":{"footnotes":""},"categories":[5],"tags":[],"class_list":["post-968","post","type-post","status-publish","format-standard","hentry","category-ejecutado-politico"],"_links":{"self":[{"href":"https:\/\/interactivos.museodelamemoria.cl\/victims\/index.php?rest_route=\/wp\/v2\/posts\/968"}],"collection":[{"href":"https:\/\/interactivos.museodelamemoria.cl\/victims\/index.php?rest_route=\/wp\/v2\/posts"}],"about":[{"href":"https:\/\/interactivos.museodelamemoria.cl\/victims\/index.php?rest_route=\/wp\/v2\/types\/post"}],"author":[{"embeddable":true,"href":"https:\/\/interactivos.museodelamemoria.cl\/victims\/index.php?rest_route=\/wp\/v2\/users\/1"}],"replies":[{"embeddable":true,"href":"https:\/\/interactivos.museodelamemoria.cl\/victims\/index.php?rest_route=%2Fwp%2Fv2%2Fcomments&post=968"}],"version-history":[{"count":0,"href":"https:\/\/interactivos.museodelamemoria.cl\/victims\/index.php?rest_route=\/wp\/v2\/posts\/968\/revisions"}],"wp:attachment":[{"href":"https:\/\/interactivos.museodelamemoria.cl\/victims\/index.php?rest_route=%2Fwp%2Fv2%2Fmedia&parent=968"}],"wp:term":[{"taxonomy":"category","embeddable":true,"href":"https:\/\/interactivos.museodelamemoria.cl\/victims\/index.php?rest_route=%2Fwp%2Fv2%2Fcategories&post=968"},{"taxonomy":"post_tag","embeddable":true,"href":"https:\/\/interactivos.museodelamemoria.cl\/victims\/index.php?rest_route=%2Fwp%2Fv2%2Ftags&post=968"}],"curies":[{"name":"wp","href":"https:\/\/api.w.org\/{rel}","templated":true}]}}