{"id":969,"date":"2013-04-01T00:00:00","date_gmt":"2013-04-01T00:00:00","guid":{"rendered":""},"modified":"2013-04-01T00:00:00","modified_gmt":"2013-04-01T00:00:00","slug":"victima-1","status":"publish","type":"post","link":"https:\/\/interactivos.museodelamemoria.cl\/victims\/?p=969","title":{"rendered":"VILLAGRA CRUZ HUMBERTO JAVIER"},"content":{"rendered":"<hr class=\"wp-block-separator has-text-color has-white-color has-alpha-channel-opacity has-white-background-color has-background is-style-default\"\/><p><strong>Instancia Calificadora:<\/strong> CNRR violaci\u00f3n de DDHH<\/p><p><strong>Militancia:<\/strong> Sin Militancia<\/p><p><strong>Regi\u00f3n:<\/strong> VIII Biob\u00edo<\/p><p><strong>Ciudad:<\/strong> CONCEPCION<\/p><p><strong>Comuna:<\/strong> <\/p><p><strong>Fecha Detenci\u00f3n\/Muerte:<\/strong> 16-09-1973<\/p><p><strong>Ocupaci\u00f3n:<\/strong> <\/p><p><strong>Edad:<\/strong> 17<\/p>\n<hr class=\"wp-block-separator has-text-color has-white-color has-alpha-channel-opacity has-white-background-color has-background is-style-default\"\/>\tHumberto Villagra Cruz muri\u00f3 ese d\u00eda a las 12:50 horas, en el Hospital Cl\u00ednico Regional, por una herida de bala cr\u00e1neo cerebral, seg\u00fan consigna la Partida de Defunci\u00f3n. \r\n\r\nDe acuerdo con las declaraciones de un testigo presencial y antecedentes proporcionados por su familia, el d\u00eda 13 de septiembre de 1973, alrededor del mediod\u00eda, Humberto Villagra y unos amigos observaban desde un puente cercano a un numeroso grupo de trabajadores de la mina Colico de Curanilahue que se hab\u00edan reunido en los alrededores de las oficinas de esa empresa minera. A unos cincuenta metros del lugar se encontraba apostado un contingente de militares que vigilaba a los trabajadores. \r\n\r\nDe improviso, una persona en estado de ebriedad comenz\u00f3 a gritar contra los uniformados e inmediatamente \u00e9stos efectuaron disparos para dispersar a la gente, impactando a Humberto Villagra. Fue trasladado al Hospital Regional de Concepci\u00f3n, donde falleci\u00f3 tres d\u00edas despu\u00e9s.\r\n\r\nConsiderando los antecedentes reunidos por esta Corporaci\u00f3n, el Consejo Superior lleg\u00f3 a la convicci\u00f3n de que Humberto Javier Villagra Cruz fue v\u00edctima de violaci\u00f3n de derechos humanos por agentes del Estado que hicieron uso irracional de la fuerza.\t","protected":false},"excerpt":{"rendered":"<p>\tHumberto Javier Villagra Cruz, 17 a\u00f1os,  estudiante. Muerto el 16 de septiembre de 1973 en Concepci\u00f3n.\t &hellip; <a href=\"https:\/\/interactivos.museodelamemoria.cl\/victims\/?p=969\" class=\"more-link\"><span class=\"readmore\">Averigua m\u00e1s acerca de esta v\u00edctima&#8230;<span class=\"screen-reader-text\">VILLAGRA CRUZ HUMBERTO JAVIER<\/span><\/span><\/a><\/p>\n","protected":false},"author":1,"featured_media":0,"comment_status":"open","ping_status":"open","sticky":false,"template":"","format":"standard","meta":{"footnotes":""},"categories":[5],"tags":[],"class_list":["post-969","post","type-post","status-publish","format-standard","hentry","category-ejecutado-politico"],"_links":{"self":[{"href":"https:\/\/interactivos.museodelamemoria.cl\/victims\/index.php?rest_route=\/wp\/v2\/posts\/969"}],"collection":[{"href":"https:\/\/interactivos.museodelamemoria.cl\/victims\/index.php?rest_route=\/wp\/v2\/posts"}],"about":[{"href":"https:\/\/interactivos.museodelamemoria.cl\/victims\/index.php?rest_route=\/wp\/v2\/types\/post"}],"author":[{"embeddable":true,"href":"https:\/\/interactivos.museodelamemoria.cl\/victims\/index.php?rest_route=\/wp\/v2\/users\/1"}],"replies":[{"embeddable":true,"href":"https:\/\/interactivos.museodelamemoria.cl\/victims\/index.php?rest_route=%2Fwp%2Fv2%2Fcomments&post=969"}],"version-history":[{"count":0,"href":"https:\/\/interactivos.museodelamemoria.cl\/victims\/index.php?rest_route=\/wp\/v2\/posts\/969\/revisions"}],"wp:attachment":[{"href":"https:\/\/interactivos.museodelamemoria.cl\/victims\/index.php?rest_route=%2Fwp%2Fv2%2Fmedia&parent=969"}],"wp:term":[{"taxonomy":"category","embeddable":true,"href":"https:\/\/interactivos.museodelamemoria.cl\/victims\/index.php?rest_route=%2Fwp%2Fv2%2Fcategories&post=969"},{"taxonomy":"post_tag","embeddable":true,"href":"https:\/\/interactivos.museodelamemoria.cl\/victims\/index.php?rest_route=%2Fwp%2Fv2%2Ftags&post=969"}],"curies":[{"name":"wp","href":"https:\/\/api.w.org\/{rel}","templated":true}]}}