{"id":976,"date":"2013-04-01T00:00:00","date_gmt":"2013-04-01T00:00:00","guid":{"rendered":""},"modified":"2020-02-13T16:10:53","modified_gmt":"2020-02-13T16:10:53","slug":"victima-1-426","status":"publish","type":"post","link":"https:\/\/interactivos.museodelamemoria.cl\/victims\/?p=976","title":{"rendered":"WOODWARD IRIBERRY MICHAEL ROY"},"content":{"rendered":"<hr class=\"wp-block-separator has-text-color has-white-color has-alpha-channel-opacity has-white-background-color has-background is-style-default\"\/><p><strong>Instancia Calificadora:<\/strong> CVR violaci\u00f3n de DDHH<\/p><p><strong>Militancia:<\/strong> MAPU<\/p><p><strong>Regi\u00f3n:<\/strong> V Valpara\u00edso<\/p><p><strong>Ciudad:<\/strong> VALPARAISO<\/p><p><strong>Comuna:<\/strong> VALPARAISO<\/p><p><strong>Fecha Detenci\u00f3n\/Muerte:<\/strong> 22-09-1973<\/p><p><strong>Ocupaci\u00f3n:<\/strong> SACERDOTE<\/p><p><strong>Edad:<\/strong> 42<\/p>\n<hr class=\"wp-block-separator has-text-color has-white-color has-alpha-channel-opacity has-white-background-color has-background is-style-default\"\/>El d\u00eda 22 de septiembre de 1973, Michael Roy WOODWARD IRIBERRI, 42 a\u00f1os, ex sacerdote y militante del Movimiento de Acci\u00f3n Popular Unitaria (MAPU), muri\u00f3 en el Hospital Naval de Valpara\u00edso.\r\n\r\nHa quedado acreditado que fue detenido por una patrulla naval en el Cerro Los Placeres el 16 de septiembre de 1973 y que en su lugar de reclusi\u00f3n fue torturado. Un m\u00e9dico de la Armada intent\u00f3 darle atenci\u00f3n de urgencia en el molo de abrigo, recinto custodiado por la Armada en que se hallaban atracados el Buque Escuela Esmeralda y el carguero Lebu, Desde all\u00ed fue llevado al Hospital Naval donde falleci\u00f3 a causa de un \u00abparo cardiorrespiratorio\u00bb, producto del lamentable estado f\u00edsico en que se encontraba.\r\n\r\nLos antecedentes expuestos permiten a esta Comisi\u00f3n formarse la convicci\u00f3n que Michael Woodward muri\u00f3 v\u00edctima de la acci\u00f3n de agentes del Estado que lo torturaron en su lugar de detenci\u00f3n.","protected":false},"excerpt":{"rendered":"<p>\tMichael Roy Woodward Iriberri, 42 a\u00f1os, sacerdote, militante del Movimiento de Acci\u00f3n Popular Unitaria (MAPU). Muerto el d\u00eda 22 de septiembre de 1973 en Valpara\u00edso.\t &hellip; <a href=\"https:\/\/interactivos.museodelamemoria.cl\/victims\/?p=976\" class=\"more-link\"><span class=\"readmore\">Averigua m\u00e1s acerca de esta v\u00edctima&#8230;<span class=\"screen-reader-text\">WOODWARD IRIBERRY MICHAEL ROY<\/span><\/span><\/a><\/p>\n","protected":false},"author":1,"featured_media":0,"comment_status":"open","ping_status":"open","sticky":false,"template":"","format":"standard","meta":{"footnotes":""},"categories":[5],"tags":[],"class_list":["post-976","post","type-post","status-publish","format-standard","hentry","category-ejecutado-politico"],"_links":{"self":[{"href":"https:\/\/interactivos.museodelamemoria.cl\/victims\/index.php?rest_route=\/wp\/v2\/posts\/976"}],"collection":[{"href":"https:\/\/interactivos.museodelamemoria.cl\/victims\/index.php?rest_route=\/wp\/v2\/posts"}],"about":[{"href":"https:\/\/interactivos.museodelamemoria.cl\/victims\/index.php?rest_route=\/wp\/v2\/types\/post"}],"author":[{"embeddable":true,"href":"https:\/\/interactivos.museodelamemoria.cl\/victims\/index.php?rest_route=\/wp\/v2\/users\/1"}],"replies":[{"embeddable":true,"href":"https:\/\/interactivos.museodelamemoria.cl\/victims\/index.php?rest_route=%2Fwp%2Fv2%2Fcomments&post=976"}],"version-history":[{"count":1,"href":"https:\/\/interactivos.museodelamemoria.cl\/victims\/index.php?rest_route=\/wp\/v2\/posts\/976\/revisions"}],"predecessor-version":[{"id":4817,"href":"https:\/\/interactivos.museodelamemoria.cl\/victims\/index.php?rest_route=\/wp\/v2\/posts\/976\/revisions\/4817"}],"wp:attachment":[{"href":"https:\/\/interactivos.museodelamemoria.cl\/victims\/index.php?rest_route=%2Fwp%2Fv2%2Fmedia&parent=976"}],"wp:term":[{"taxonomy":"category","embeddable":true,"href":"https:\/\/interactivos.museodelamemoria.cl\/victims\/index.php?rest_route=%2Fwp%2Fv2%2Fcategories&post=976"},{"taxonomy":"post_tag","embeddable":true,"href":"https:\/\/interactivos.museodelamemoria.cl\/victims\/index.php?rest_route=%2Fwp%2Fv2%2Ftags&post=976"}],"curies":[{"name":"wp","href":"https:\/\/api.w.org\/{rel}","templated":true}]}}