{"id":977,"date":"2013-04-01T00:00:00","date_gmt":"2013-04-01T00:00:00","guid":{"rendered":""},"modified":"2013-04-01T00:00:00","modified_gmt":"2013-04-01T00:00:00","slug":"victima-1","status":"publish","type":"post","link":"https:\/\/interactivos.museodelamemoria.cl\/victims\/?p=977","title":{"rendered":"YA\u00d1EZ CALFUPAN SOFIA LEONOR"},"content":{"rendered":"<hr class=\"wp-block-separator has-text-color has-white-color has-alpha-channel-opacity has-white-background-color has-background is-style-default\"\/><p><strong>Instancia Calificadora:<\/strong> CNRR violaci\u00f3n de DDHH<\/p><p><strong>Militancia:<\/strong> Sin Militancia<\/p><p><strong>Regi\u00f3n:<\/strong> RM Metropolitana<\/p><p><strong>Ciudad:<\/strong> SANTIAGO<\/p><p><strong>Comuna:<\/strong> \u00d1U\u00d1OA<\/p><p><strong>Fecha Detenci\u00f3n\/Muerte:<\/strong> 22-11-1988<\/p><p><strong>Ocupaci\u00f3n:<\/strong> ASESORA DEL HOGAR<\/p><p><strong>Edad:<\/strong> 23<\/p>\n<hr class=\"wp-block-separator has-text-color has-white-color has-alpha-channel-opacity has-white-background-color has-background is-style-default\"\/>\tSof\u00eda Leonor Y\u00e1\u00f1ez Calfup\u00e1n muri\u00f3 ese d\u00eda, por una \u00abherida cortante profunda cervical y asfixia por aplicaci\u00f3n de v\u00ednculo cervical\u00bb, seg\u00fan acredita el Informe de Autopsia. \r\n\r\nDe acuerdo con declaraciones de testigos y antecedentes acopiados al proceso, los hechos ocurrieron alrededor de las 11:30 horas, en circunstancias que Sof\u00eda Y\u00e1\u00f1ez estaba ocupada en las labores de aseo en su lugar de trabajo en la comuna de \u00d1u\u00f1oa. Los autores del asesinato entraron a la vivienda por una ventana y la atacaron por la espalda con un utensilio posiblemente tomado en la cocina, ocasion\u00e1ndole la muerte mediante degollamiento.\r\n\r\nTestigos presenciales se\u00f1alaron que ese d\u00eda, alrededor de las 12:00 horas, vieron a dos personas salir en actitud sospechosa, las que no fueron identificadas en la investigaci\u00f3n judicial. Los antecedentes reunidos en el proceso descartaron el robo como m\u00f3vil, puesto que los hechores no sustrajeron especies ni valores que pudieron retirar r\u00e1pida y f\u00e1cilmente de la propiedad. Tambi\u00e9n se descart\u00f3 una oposici\u00f3n por su parte en contra de los hechores. La casa no se encontraba en desorden, ella ten\u00eda seis meses de embarazo y en esos momentos se encontraba sola en la casa.   \r\n\r\nSof\u00eda Y\u00e1\u00f1ez no desarrollaba ning\u00fan tipo de actividad pol\u00edtica y era reconocida por su car\u00e1cter afable y pac\u00edfico.\r\n\r\nEl domicilio donde muri\u00f3 pertenec\u00eda a una abogada de reconocida trayectoria en la defensa de los derechos humanos y vinculada a la Vicar\u00eda de la Solidaridad del Arzobispado de Santiago. Esta profesional, tres meses antes, hab\u00eda presentado un recurso de amparo en su favor por amenazas telef\u00f3nicas que hab\u00eda estado recibiendo por desconocidos en ese mismo domicilio. Por esta raz\u00f3n, la Corte de Apelaciones de Santiago hab\u00eda ordenado vigilancia policial especial por diez d\u00edas en su domicilio. La abogada patrocinaba una querella por apremios ileg\u00edtimos y malos tratos a un preso pol\u00edtico en contra de funcionarios de la Polic\u00eda de Investigaciones. El despacho de la Jueza que instru\u00eda este proceso anteriormente hab\u00eda sido allanado por desconocidos. \r\n\r\nTambi\u00e9n, ese mismo a\u00f1o, varios abogados reconocidos p\u00fablicamente por su trabajo profesional en defensa de los derechos humanos, asimismo vinculados con el se\u00f1alado organismo, sufrieron diferentes amenazas por parte de desconocidos y algunos fueron objetos de reiterados robos en sus domicilios particulares. \r\n\r\nEn virtud de los antecedentes reunidos y la investigaci\u00f3n realizada por esta Corporaci\u00f3n, el Consejo Superior, considerando la forma de su muerte y el contexto en que \u00e9sta se produjo, lleg\u00f3 a la convicci\u00f3n de que Sof\u00eda Leonor Y\u00e1\u00f1ez Calfup\u00e1n fue ejecutada por agentes del Estado, con el prop\u00f3sito de inhibir la labor profesional desarrollada por la persona para quien trabajaba.  Por ese motivo, la declar\u00f3 v\u00edctima de violaci\u00f3n de derechos humanos.\t","protected":false},"excerpt":{"rendered":"<p>\tSof\u00eda Leonor Ya\u00f1ez Calfupan, 23 a\u00f1os,  trabajadora de casa particular. Muerta el 22 de noviembre de 1988 en Santiago.\t &hellip; <a href=\"https:\/\/interactivos.museodelamemoria.cl\/victims\/?p=977\" class=\"more-link\"><span class=\"readmore\">Averigua m\u00e1s acerca de esta v\u00edctima&#8230;<span class=\"screen-reader-text\">YA\u00d1EZ CALFUPAN SOFIA LEONOR<\/span><\/span><\/a><\/p>\n","protected":false},"author":1,"featured_media":0,"comment_status":"open","ping_status":"open","sticky":false,"template":"","format":"standard","meta":{"footnotes":""},"categories":[5],"tags":[],"class_list":["post-977","post","type-post","status-publish","format-standard","hentry","category-ejecutado-politico"],"_links":{"self":[{"href":"https:\/\/interactivos.museodelamemoria.cl\/victims\/index.php?rest_route=\/wp\/v2\/posts\/977"}],"collection":[{"href":"https:\/\/interactivos.museodelamemoria.cl\/victims\/index.php?rest_route=\/wp\/v2\/posts"}],"about":[{"href":"https:\/\/interactivos.museodelamemoria.cl\/victims\/index.php?rest_route=\/wp\/v2\/types\/post"}],"author":[{"embeddable":true,"href":"https:\/\/interactivos.museodelamemoria.cl\/victims\/index.php?rest_route=\/wp\/v2\/users\/1"}],"replies":[{"embeddable":true,"href":"https:\/\/interactivos.museodelamemoria.cl\/victims\/index.php?rest_route=%2Fwp%2Fv2%2Fcomments&post=977"}],"version-history":[{"count":0,"href":"https:\/\/interactivos.museodelamemoria.cl\/victims\/index.php?rest_route=\/wp\/v2\/posts\/977\/revisions"}],"wp:attachment":[{"href":"https:\/\/interactivos.museodelamemoria.cl\/victims\/index.php?rest_route=%2Fwp%2Fv2%2Fmedia&parent=977"}],"wp:term":[{"taxonomy":"category","embeddable":true,"href":"https:\/\/interactivos.museodelamemoria.cl\/victims\/index.php?rest_route=%2Fwp%2Fv2%2Fcategories&post=977"},{"taxonomy":"post_tag","embeddable":true,"href":"https:\/\/interactivos.museodelamemoria.cl\/victims\/index.php?rest_route=%2Fwp%2Fv2%2Ftags&post=977"}],"curies":[{"name":"wp","href":"https:\/\/api.w.org\/{rel}","templated":true}]}}