{"id":978,"date":"2013-04-01T00:00:00","date_gmt":"2013-04-01T00:00:00","guid":{"rendered":""},"modified":"2013-04-01T00:00:00","modified_gmt":"2013-04-01T00:00:00","slug":"victima-1","status":"publish","type":"post","link":"https:\/\/interactivos.museodelamemoria.cl\/victims\/?p=978","title":{"rendered":"YA\u00d1EZ FIGUEROA PATRICIO ALEJANDRO"},"content":{"rendered":"<hr class=\"wp-block-separator has-text-color has-white-color has-alpha-channel-opacity has-white-background-color has-background is-style-default\"\/><p><strong>Instancia Calificadora:<\/strong> CVR violencia pol\u00edtica<\/p><p><strong>Militancia:<\/strong> Sin Militancia<\/p><p><strong>Regi\u00f3n:<\/strong> RM Metropolitana<\/p><p><strong>Ciudad:<\/strong> SANTIAGO<\/p><p><strong>Comuna:<\/strong> SAN MIGUEL<\/p><p><strong>Fecha Detenci\u00f3n\/Muerte:<\/strong> 14-06-1983<\/p><p><strong>Ocupaci\u00f3n:<\/strong> ESTUDIANTE ENSE\u00d1ANZA MEDIA<\/p><p><strong>Edad:<\/strong> 14<\/p>\n<hr class=\"wp-block-separator has-text-color has-white-color has-alpha-channel-opacity has-white-background-color has-background is-style-default\"\/>\tEl 14 de junio de 1983, d\u00eda de la Segunda Jornada de Protesta Nacional, murieron cuatro personas:\r\n\r\nPatricio Alejandro YA\u00d1EZ FIGUEROA, de 14 a\u00f1os, estudiante de ense\u00f1anza media, fue herido a bala en la noche de ese d\u00eda, durante manifestaciones callejeras cerca de su casa en la comuna de San Miguel.  El informe de autopsia se\u00f1ala que la causa de muerte fue un \u00abtraumatismo tor\u00e1cico por bala\u00bb.  Los antecedentes y testimonios recibidos por la Comisi\u00f3n no coinciden acerca del origen de los disparos.\r\n\r\nLa Comisi\u00f3n, por las referencias sobre el contexto general, lleg\u00f3 a la convicci\u00f3n que Patricio Alejandro Y\u00e1\u00f1ez fue v\u00edctima de la violencia pol\u00edtica existente con ocasi\u00f3n de la protesta.\r\n\r\nPatricio Edmundo RIOS PORTUGUEZ, de 21 a\u00f1os de edad, se desempe\u00f1aba en el Programa de Empleo M\u00ednimo (PEM).  Falleci\u00f3 durante incidentes entre manifestantes y Carabineros en Avenida La Florida (Santiago), a causa de un traumatismo t\u00f3raco abdominal por bala.  Los testimonios conocidos por la Comisi\u00f3n dan cuenta de que, despu\u00e9s de enfrentamientos en que los manifestantes lanzaban piedras y otras cosas a los carabineros y \u00e9stos respond\u00edan tirando bombas y disparando, tres o cuatro uniformados quedaron rezagados y la gente se les fue encima lanz\u00e1ndoles piedras y gritando que los lincharan.  En esas circunstancias se escucharon disparos y result\u00f3 herido el afectado.\r\n\r\nDada la situaci\u00f3n de violencia, y no habiendo antecedentes que permitan afirmar que los agentes del Estado hayan hecho un uso irracional de la fuerza, ni que el afectado los atacara, a esta Comisi\u00f3n le asiste la convicci\u00f3n que Patricio R\u00edos cay\u00f3 v\u00edctima de la situaci\u00f3n de violencia pol\u00edtica en que se vio envuelto.\r\n\r\nLeopoldo Albino SEGOVIA GIL, de 20 a\u00f1os de edad, fue herido cerca de la medianoche, cuando unos j\u00f3venes se encontraban en una fogata en la poblaci\u00f3n San Genaro (Santiago), y un hombre se acerc\u00f3 al grupo y dispar\u00f3 contra ellos un arma de fuego.  Falleci\u00f3 pocas horas despu\u00e9s en el Instituto de Neurocirug\u00eda, a causa de un traumatismo cr\u00e1neo encef\u00e1lico por bala. \r\n\r\nLos testimonios conocidos por la Comisi\u00f3n le llevan a la convicci\u00f3n que Leopoldo Albino Segovia fue v\u00edctima de violaci\u00f3n a los derechos humanos cometida por particulares que actuaban bajo pretextos pol\u00edticos.  \r\n\r\nLuis Arturo SILVA GONZALEZ, de 22 a\u00f1os de edad, carnicero, fue herido con arma blanca en incidentes entre particulares, cuando se realizaban acciones de protesta antigubernamental en la Villa El Rey (Santiago).  Falleci\u00f3 a causa de una herida penetrante corto punzante t\u00f3raco card\u00edaca, con una profundidad de m\u00e1s o menos 10 cent\u00edmetros.\r\n\r\nLa Comisi\u00f3n, en virtud de los hechos y su contexto, se form\u00f3 convicci\u00f3n acerca de la motivaci\u00f3n pol\u00edtica del autor, quien viol\u00f3 el derecho a la vida de Luis Arturo Silva.\t","protected":false},"excerpt":{"rendered":"<p>\tPatricio Alejandro Ya\u00f1ez Figueroa, 14 a\u00f1os, estudiante de ense\u00f1anza media. Muerto el 14 de junio de 1983 en Santiago.\t &hellip; <a href=\"https:\/\/interactivos.museodelamemoria.cl\/victims\/?p=978\" class=\"more-link\"><span class=\"readmore\">Averigua m\u00e1s acerca de esta v\u00edctima&#8230;<span class=\"screen-reader-text\">YA\u00d1EZ FIGUEROA PATRICIO ALEJANDRO<\/span><\/span><\/a><\/p>\n","protected":false},"author":1,"featured_media":0,"comment_status":"open","ping_status":"open","sticky":false,"template":"","format":"standard","meta":{"footnotes":""},"categories":[5],"tags":[],"class_list":["post-978","post","type-post","status-publish","format-standard","hentry","category-ejecutado-politico"],"_links":{"self":[{"href":"https:\/\/interactivos.museodelamemoria.cl\/victims\/index.php?rest_route=\/wp\/v2\/posts\/978"}],"collection":[{"href":"https:\/\/interactivos.museodelamemoria.cl\/victims\/index.php?rest_route=\/wp\/v2\/posts"}],"about":[{"href":"https:\/\/interactivos.museodelamemoria.cl\/victims\/index.php?rest_route=\/wp\/v2\/types\/post"}],"author":[{"embeddable":true,"href":"https:\/\/interactivos.museodelamemoria.cl\/victims\/index.php?rest_route=\/wp\/v2\/users\/1"}],"replies":[{"embeddable":true,"href":"https:\/\/interactivos.museodelamemoria.cl\/victims\/index.php?rest_route=%2Fwp%2Fv2%2Fcomments&post=978"}],"version-history":[{"count":0,"href":"https:\/\/interactivos.museodelamemoria.cl\/victims\/index.php?rest_route=\/wp\/v2\/posts\/978\/revisions"}],"wp:attachment":[{"href":"https:\/\/interactivos.museodelamemoria.cl\/victims\/index.php?rest_route=%2Fwp%2Fv2%2Fmedia&parent=978"}],"wp:term":[{"taxonomy":"category","embeddable":true,"href":"https:\/\/interactivos.museodelamemoria.cl\/victims\/index.php?rest_route=%2Fwp%2Fv2%2Fcategories&post=978"},{"taxonomy":"post_tag","embeddable":true,"href":"https:\/\/interactivos.museodelamemoria.cl\/victims\/index.php?rest_route=%2Fwp%2Fv2%2Ftags&post=978"}],"curies":[{"name":"wp","href":"https:\/\/api.w.org\/{rel}","templated":true}]}}